{"id":4160,"date":"2021-10-25T17:39:55","date_gmt":"2021-10-25T20:39:55","guid":{"rendered":"https:\/\/radiostudiow.com.br\/site\/?p=4160"},"modified":"2025-01-31T15:12:24","modified_gmt":"2025-01-31T18:12:24","slug":"rapaz-de-29-anos-comete-suicidio-em-sao-mateus-do-sul","status":"publish","type":"post","link":"https:\/\/radiostudiow.com.br\/site\/2021\/10\/25\/rapaz-de-29-anos-comete-suicidio-em-sao-mateus-do-sul\/","title":{"rendered":"Rapaz de 29 anos comete suic\u00eddio em S\u00e3o Mateus do Sul"},"content":{"rendered":"\n<p>A v\u00edtima identificada como Andrey Carlos Buginski kruchelski de 29 anos, chegou a ser socorrido por familiares e encaminhado ao pronto socorro, mas n\u00e3o resistiu vindo a falecer.<\/p>\n\n\n\n<p>Ele foi encontrado na noite deste s\u00e1bado, 23 de outubro, dentro da resid\u00eancia por um familiar ap\u00f3s sentir falta do mesmo. Ao entrar constatou que o rapaz tinha se enforcado. Imediatamente o carregou no carro e levou at\u00e9 o atendimento.<\/p>\n\n\n\n<p>A equipe m\u00e9dica e enfermagem tentou reanima-lo mas sem obter \u00eaxito. Familiares estavam no pronto socorro desesperados com a situa\u00e7\u00e3o.<\/p>\n\n\n\n<p>Andrey era morador do Jardim Santa Cruz local onde aconteceu o fato. O corpo foi encaminhado para o IML de Uni\u00e3o da Vit\u00f3ria.<\/p>\n\n\n\n<p><em>Sentimentos da equipe Studio W a fam\u00edlia enlutada.<\/em><\/p>\n\n\n\n<figure class=\"wp-block-image size-full\"><img decoding=\"async\" src=\"https:\/\/radiostudiow.com.br\/site\/wp-content\/uploads\/2021\/09\/HF-MALLET.jpg\" alt=\"\" class=\"wp-image-3544\"\/><\/figure>\n","protected":false},"excerpt":{"rendered":"<p>A v\u00edtima identificada como Andrey Carlos Buginski kruchelski de 29 anos, chegou a ser socorrido por familiares e encaminhado ao pronto socorro, mas n\u00e3o resistiu vindo a falecer. Ele foi encontrado na noite deste s\u00e1bado, 23 de outubro, dentro da resid\u00eancia por um familiar ap\u00f3s sentir falta do mesmo. Ao entrar constatou que o rapaz [&hellip;]<\/p>\n","protected":false},"author":2,"featured_media":0,"comment_status":"open","ping_status":"open","sticky":false,"template":"","format":"standard","meta":{"footnotes":""},"categories":[2],"tags":[172],"class_list":["post-4160","post","type-post","status-publish","format-standard","hentry","category-policial","tag-featured"],"amp_enabled":true,"_links":{"self":[{"href":"https:\/\/radiostudiow.com.br\/site\/wp-json\/wp\/v2\/posts\/4160","targetHints":{"allow":["GET"]}}],"collection":[{"href":"https:\/\/radiostudiow.com.br\/site\/wp-json\/wp\/v2\/posts"}],"about":[{"href":"https:\/\/radiostudiow.com.br\/site\/wp-json\/wp\/v2\/types\/post"}],"author":[{"embeddable":true,"href":"https:\/\/radiostudiow.com.br\/site\/wp-json\/wp\/v2\/users\/2"}],"replies":[{"embeddable":true,"href":"https:\/\/radiostudiow.com.br\/site\/wp-json\/wp\/v2\/comments?post=4160"}],"version-history":[{"count":2,"href":"https:\/\/radiostudiow.com.br\/site\/wp-json\/wp\/v2\/posts\/4160\/revisions"}],"predecessor-version":[{"id":4165,"href":"https:\/\/radiostudiow.com.br\/site\/wp-json\/wp\/v2\/posts\/4160\/revisions\/4165"}],"wp:attachment":[{"href":"https:\/\/radiostudiow.com.br\/site\/wp-json\/wp\/v2\/media?parent=4160"}],"wp:term":[{"taxonomy":"category","embeddable":true,"href":"https:\/\/radiostudiow.com.br\/site\/wp-json\/wp\/v2\/categories?post=4160"},{"taxonomy":"post_tag","embeddable":true,"href":"https:\/\/radiostudiow.com.br\/site\/wp-json\/wp\/v2\/tags?post=4160"}],"curies":[{"name":"wp","href":"https:\/\/api.w.org\/{rel}","templated":true}]}}