{"id":41603,"date":"2025-08-23T09:52:16","date_gmt":"2025-08-23T12:52:16","guid":{"rendered":"https:\/\/radiostudiow.com.br\/site\/?p=41603"},"modified":"2025-08-23T09:52:16","modified_gmt":"2025-08-23T12:52:16","slug":"mulher-fica-ferida-em-acidente-entre-moto-e-carro-na-avenida-getulio-vargas-em-porto-uniao","status":"publish","type":"post","link":"https:\/\/radiostudiow.com.br\/site\/2025\/08\/23\/mulher-fica-ferida-em-acidente-entre-moto-e-carro-na-avenida-getulio-vargas-em-porto-uniao\/","title":{"rendered":"Mulher fica ferida em acidente entre moto e carro na Avenida Get\u00falio Vargas, em Porto Uni\u00e3o"},"content":{"rendered":"\n<figure class=\"wp-block-image size-full\"><img loading=\"lazy\" decoding=\"async\" width=\"897\" height=\"204\" src=\"https:\/\/radiostudiow.com.br\/site\/wp-content\/uploads\/2025\/01\/SITE-GRANDE3.png\" alt=\"\" class=\"wp-image-32900\" srcset=\"https:\/\/radiostudiow.com.br\/site\/wp-content\/uploads\/2025\/01\/SITE-GRANDE3.png 897w, https:\/\/radiostudiow.com.br\/site\/wp-content\/uploads\/2025\/01\/SITE-GRANDE3-300x68.png 300w, https:\/\/radiostudiow.com.br\/site\/wp-content\/uploads\/2025\/01\/SITE-GRANDE3-768x175.png 768w\" sizes=\"auto, (max-width: 897px) 100vw, 897px\" \/><\/figure>\n\n\n\n<p>Um acidente de tr\u00e2nsito registrado na tarde desta sexta-feira (22) deixou uma mulher ferida na Avenida Get\u00falio Vargas, bairro S\u00e3o Pedro, em Porto Uni\u00e3o, nas proximidades do Instituto Cultural Gr\u00fcnenwald.<\/p>\n\n\n\n<p>A colis\u00e3o ocorreu quando uma motocicleta Yamaha Factor, de cor preta e placas Mercosul, bateu na traseira de um Fiat Uno Vivace prata, com placas de Porto Uni\u00e3o.<\/p>\n\n\n\n<p>A condutora da motocicleta sofreu m\u00faltiplos ferimentos.<\/p>\n\n\n\n<figure class=\"wp-block-image size-full\"><img loading=\"lazy\" decoding=\"async\" width=\"598\" height=\"204\" src=\"https:\/\/radiostudiow.com.br\/site\/wp-content\/uploads\/2025\/05\/BEAZY.jpg.png\" alt=\"\" class=\"wp-image-38197\" srcset=\"https:\/\/radiostudiow.com.br\/site\/wp-content\/uploads\/2025\/05\/BEAZY.jpg.png 598w, https:\/\/radiostudiow.com.br\/site\/wp-content\/uploads\/2025\/05\/BEAZY.jpg-300x102.png 300w\" sizes=\"auto, (max-width: 598px) 100vw, 598px\" \/><\/figure>\n\n\n\n<p>No momento do atendimento, ela estava consciente e recebeu os primeiros socorros ainda no local, sendo encaminhada em seguida ao Hospital S\u00e3o Br\u00e1s para avalia\u00e7\u00e3o m\u00e9dica.<\/p>\n\n\n\n<p>O tr\u00e2nsito no trecho precisou ser interrompido por alguns minutos no sentido Centro\u2013Bairro, at\u00e9 a retirada dos ve\u00edculos e o atendimento da v\u00edtima.<\/p>\n\n\n\n<p class=\"has-text-align-center\">As causas do acidente ser\u00e3o investigadas.<br><em>Fonte: Assis o Rep\u00f3rter<\/em><\/p>\n\n\n\n<figure class=\"wp-block-image size-large\"><img loading=\"lazy\" decoding=\"async\" width=\"768\" height=\"1024\" src=\"https:\/\/radiostudiow.com.br\/site\/wp-content\/uploads\/2025\/08\/01-2-768x1024.jpeg\" alt=\"\" class=\"wp-image-41604\" srcset=\"https:\/\/radiostudiow.com.br\/site\/wp-content\/uploads\/2025\/08\/01-2-768x1024.jpeg 768w, https:\/\/radiostudiow.com.br\/site\/wp-content\/uploads\/2025\/08\/01-2-225x300.jpeg 225w, https:\/\/radiostudiow.com.br\/site\/wp-content\/uploads\/2025\/08\/01-2.jpeg 1080w\" sizes=\"auto, (max-width: 768px) 100vw, 768px\" \/><\/figure>\n","protected":false},"excerpt":{"rendered":"<p>Um acidente de tr\u00e2nsito registrado na tarde desta sexta-feira (22) deixou uma mulher ferida na Avenida Get\u00falio Vargas, bairro S\u00e3o Pedro, em Porto Uni\u00e3o, nas proximidades do Instituto Cultural Gr\u00fcnenwald. A colis\u00e3o ocorreu quando uma motocicleta Yamaha Factor, de cor preta e placas Mercosul, bateu na traseira de um Fiat Uno Vivace prata, com placas [&hellip;]<\/p>\n","protected":false},"author":2,"featured_media":41605,"comment_status":"open","ping_status":"open","sticky":false,"template":"","format":"standard","meta":{"footnotes":""},"categories":[185],"tags":[172],"class_list":["post-41603","post","type-post","status-publish","format-standard","has-post-thumbnail","hentry","category-regional","tag-featured"],"amp_enabled":true,"_links":{"self":[{"href":"https:\/\/radiostudiow.com.br\/site\/wp-json\/wp\/v2\/posts\/41603","targetHints":{"allow":["GET"]}}],"collection":[{"href":"https:\/\/radiostudiow.com.br\/site\/wp-json\/wp\/v2\/posts"}],"about":[{"href":"https:\/\/radiostudiow.com.br\/site\/wp-json\/wp\/v2\/types\/post"}],"author":[{"embeddable":true,"href":"https:\/\/radiostudiow.com.br\/site\/wp-json\/wp\/v2\/users\/2"}],"replies":[{"embeddable":true,"href":"https:\/\/radiostudiow.com.br\/site\/wp-json\/wp\/v2\/comments?post=41603"}],"version-history":[{"count":1,"href":"https:\/\/radiostudiow.com.br\/site\/wp-json\/wp\/v2\/posts\/41603\/revisions"}],"predecessor-version":[{"id":41606,"href":"https:\/\/radiostudiow.com.br\/site\/wp-json\/wp\/v2\/posts\/41603\/revisions\/41606"}],"wp:featuredmedia":[{"embeddable":true,"href":"https:\/\/radiostudiow.com.br\/site\/wp-json\/wp\/v2\/media\/41605"}],"wp:attachment":[{"href":"https:\/\/radiostudiow.com.br\/site\/wp-json\/wp\/v2\/media?parent=41603"}],"wp:term":[{"taxonomy":"category","embeddable":true,"href":"https:\/\/radiostudiow.com.br\/site\/wp-json\/wp\/v2\/categories?post=41603"},{"taxonomy":"post_tag","embeddable":true,"href":"https:\/\/radiostudiow.com.br\/site\/wp-json\/wp\/v2\/tags?post=41603"}],"curies":[{"name":"wp","href":"https:\/\/api.w.org\/{rel}","templated":true}]}}