{"id":41607,"date":"2025-08-23T09:56:28","date_gmt":"2025-08-23T12:56:28","guid":{"rendered":"https:\/\/radiostudiow.com.br\/site\/?p=41607"},"modified":"2025-08-23T09:56:28","modified_gmt":"2025-08-23T12:56:28","slug":"carro-pega-fogo-proximo-a-guarda-municipal-de-irati","status":"publish","type":"post","link":"https:\/\/radiostudiow.com.br\/site\/2025\/08\/23\/carro-pega-fogo-proximo-a-guarda-municipal-de-irati\/","title":{"rendered":"Carro pega fogo pr\u00f3ximo \u00e0 Guarda Municipal de Irati"},"content":{"rendered":"\n<figure class=\"wp-block-image size-full\"><img loading=\"lazy\" decoding=\"async\" width=\"897\" height=\"204\" src=\"https:\/\/radiostudiow.com.br\/site\/wp-content\/uploads\/2025\/02\/SITE-GRANDE7.png\" alt=\"\" class=\"wp-image-33861\" srcset=\"https:\/\/radiostudiow.com.br\/site\/wp-content\/uploads\/2025\/02\/SITE-GRANDE7.png 897w, https:\/\/radiostudiow.com.br\/site\/wp-content\/uploads\/2025\/02\/SITE-GRANDE7-300x68.png 300w, https:\/\/radiostudiow.com.br\/site\/wp-content\/uploads\/2025\/02\/SITE-GRANDE7-768x175.png 768w\" sizes=\"auto, (max-width: 897px) 100vw, 897px\" \/><\/figure>\n\n\n\n<p>Um ve\u00edculo Fiat Mobi pegou fogo no in\u00edcio da tarde desta sexta-feira (22), na Rua Manoel Ribas, em frente ao n\u00famero 109, nas proximidades da base da Guarda Municipal de Irati.<\/p>\n\n\n\n<p>De acordo com informa\u00e7\u00f5es repassadas pelo rep\u00f3rter Kiko de Oliveira, a propriet\u00e1ria do autom\u00f3vel percebeu fuma\u00e7a saindo da parte dianteira do carro e buscou ajuda diretamente na sede da Guarda Municipal.<\/p>\n\n\n\n<p>Agentes utilizaram dois extintores da corpora\u00e7\u00e3o e contaram ainda com o apoio de um frentista de um posto de combust\u00edveis pr\u00f3ximo, que trouxe mais um equipamento para auxiliar no controle das chamas.<\/p>\n\n\n\n<figure class=\"wp-block-image size-full\"><img loading=\"lazy\" decoding=\"async\" width=\"598\" height=\"204\" src=\"https:\/\/radiostudiow.com.br\/site\/wp-content\/uploads\/2024\/10\/labirati.png\" alt=\"\" class=\"wp-image-28854\" srcset=\"https:\/\/radiostudiow.com.br\/site\/wp-content\/uploads\/2024\/10\/labirati.png 598w, https:\/\/radiostudiow.com.br\/site\/wp-content\/uploads\/2024\/10\/labirati-300x102.png 300w\" sizes=\"auto, (max-width: 598px) 100vw, 598px\" \/><\/figure>\n\n\n\n<p>Apesar dos esfor\u00e7os, n\u00e3o foi poss\u00edvel conter totalmente o fogo, j\u00e1 que o cap\u00f4 do ve\u00edculo n\u00e3o conseguia ser aberto.<\/p>\n\n\n\n<p>O Corpo de Bombeiros foi acionado e conseguiu realizar o combate completo \u00e0s chamas, evitando que o inc\u00eandio se espalhasse.<\/p>\n\n\n\n<p>N\u00e3o houve registro de feridos.<br>Fonte da Informa\u00e7\u00e3o: Rep\u00f3rter Kiko de Oliveira<\/p>\n\n\n\n<figure class=\"wp-block-gallery has-nested-images columns-default is-cropped wp-block-gallery-1 is-layout-flex wp-block-gallery-is-layout-flex\">\n<figure class=\"wp-block-image size-large\"><img loading=\"lazy\" decoding=\"async\" width=\"769\" height=\"1024\" data-id=\"41610\" src=\"https:\/\/radiostudiow.com.br\/site\/wp-content\/uploads\/2025\/08\/02-2-1-769x1024.jpeg\" alt=\"\" class=\"wp-image-41610\" srcset=\"https:\/\/radiostudiow.com.br\/site\/wp-content\/uploads\/2025\/08\/02-2-1-769x1024.jpeg 769w, https:\/\/radiostudiow.com.br\/site\/wp-content\/uploads\/2025\/08\/02-2-1-225x300.jpeg 225w, https:\/\/radiostudiow.com.br\/site\/wp-content\/uploads\/2025\/08\/02-2-1-768x1023.jpeg 768w, https:\/\/radiostudiow.com.br\/site\/wp-content\/uploads\/2025\/08\/02-2-1.jpeg 868w\" sizes=\"auto, (max-width: 769px) 100vw, 769px\" \/><\/figure>\n\n\n\n<figure class=\"wp-block-image size-large\"><img loading=\"lazy\" decoding=\"async\" width=\"769\" height=\"1024\" data-id=\"41609\" src=\"https:\/\/radiostudiow.com.br\/site\/wp-content\/uploads\/2025\/08\/02-3-769x1024.jpeg\" alt=\"\" class=\"wp-image-41609\" srcset=\"https:\/\/radiostudiow.com.br\/site\/wp-content\/uploads\/2025\/08\/02-3-769x1024.jpeg 769w, https:\/\/radiostudiow.com.br\/site\/wp-content\/uploads\/2025\/08\/02-3-225x300.jpeg 225w, https:\/\/radiostudiow.com.br\/site\/wp-content\/uploads\/2025\/08\/02-3-768x1023.jpeg 768w, https:\/\/radiostudiow.com.br\/site\/wp-content\/uploads\/2025\/08\/02-3.jpeg 868w\" sizes=\"auto, (max-width: 769px) 100vw, 769px\" \/><\/figure>\n<\/figure>\n","protected":false},"excerpt":{"rendered":"<p>Um ve\u00edculo Fiat Mobi pegou fogo no in\u00edcio da tarde desta sexta-feira (22), na Rua Manoel Ribas, em frente ao n\u00famero 109, nas proximidades da base da Guarda Municipal de Irati. De acordo com informa\u00e7\u00f5es repassadas pelo rep\u00f3rter Kiko de Oliveira, a propriet\u00e1ria do autom\u00f3vel percebeu fuma\u00e7a saindo da parte dianteira do carro e buscou [&hellip;]<\/p>\n","protected":false},"author":2,"featured_media":41608,"comment_status":"open","ping_status":"open","sticky":false,"template":"","format":"standard","meta":{"footnotes":""},"categories":[185],"tags":[172],"class_list":["post-41607","post","type-post","status-publish","format-standard","has-post-thumbnail","hentry","category-regional","tag-featured"],"amp_enabled":true,"_links":{"self":[{"href":"https:\/\/radiostudiow.com.br\/site\/wp-json\/wp\/v2\/posts\/41607","targetHints":{"allow":["GET"]}}],"collection":[{"href":"https:\/\/radiostudiow.com.br\/site\/wp-json\/wp\/v2\/posts"}],"about":[{"href":"https:\/\/radiostudiow.com.br\/site\/wp-json\/wp\/v2\/types\/post"}],"author":[{"embeddable":true,"href":"https:\/\/radiostudiow.com.br\/site\/wp-json\/wp\/v2\/users\/2"}],"replies":[{"embeddable":true,"href":"https:\/\/radiostudiow.com.br\/site\/wp-json\/wp\/v2\/comments?post=41607"}],"version-history":[{"count":1,"href":"https:\/\/radiostudiow.com.br\/site\/wp-json\/wp\/v2\/posts\/41607\/revisions"}],"predecessor-version":[{"id":41611,"href":"https:\/\/radiostudiow.com.br\/site\/wp-json\/wp\/v2\/posts\/41607\/revisions\/41611"}],"wp:featuredmedia":[{"embeddable":true,"href":"https:\/\/radiostudiow.com.br\/site\/wp-json\/wp\/v2\/media\/41608"}],"wp:attachment":[{"href":"https:\/\/radiostudiow.com.br\/site\/wp-json\/wp\/v2\/media?parent=41607"}],"wp:term":[{"taxonomy":"category","embeddable":true,"href":"https:\/\/radiostudiow.com.br\/site\/wp-json\/wp\/v2\/categories?post=41607"},{"taxonomy":"post_tag","embeddable":true,"href":"https:\/\/radiostudiow.com.br\/site\/wp-json\/wp\/v2\/tags?post=41607"}],"curies":[{"name":"wp","href":"https:\/\/api.w.org\/{rel}","templated":true}]}}