{"id":41612,"date":"2025-08-23T09:58:20","date_gmt":"2025-08-23T12:58:20","guid":{"rendered":"https:\/\/radiostudiow.com.br\/site\/?p=41612"},"modified":"2025-08-23T09:58:20","modified_gmt":"2025-08-23T12:58:20","slug":"policia-militar-recupera-bicicleta-furtada-no-centro-de-porto-uniao-e-detem-suspeitos","status":"publish","type":"post","link":"https:\/\/radiostudiow.com.br\/site\/2025\/08\/23\/policia-militar-recupera-bicicleta-furtada-no-centro-de-porto-uniao-e-detem-suspeitos\/","title":{"rendered":"Pol\u00edcia Militar recupera bicicleta furtada no centro de Porto Uni\u00e3o e det\u00e9m suspeitos"},"content":{"rendered":"\n<figure class=\"wp-block-image size-full\"><img loading=\"lazy\" decoding=\"async\" width=\"897\" height=\"204\" src=\"https:\/\/radiostudiow.com.br\/site\/wp-content\/uploads\/2025\/06\/BARROS.png\" alt=\"\" class=\"wp-image-39575\" srcset=\"https:\/\/radiostudiow.com.br\/site\/wp-content\/uploads\/2025\/06\/BARROS.png 897w, https:\/\/radiostudiow.com.br\/site\/wp-content\/uploads\/2025\/06\/BARROS-300x68.png 300w, https:\/\/radiostudiow.com.br\/site\/wp-content\/uploads\/2025\/06\/BARROS-768x175.png 768w\" sizes=\"auto, (max-width: 897px) 100vw, 897px\" \/><\/figure>\n\n\n\n<p>Na manh\u00e3 desta sexta-feira (22), a Pol\u00edcia Militar de Porto Uni\u00e3o recuperou uma bicicleta furtada na \u00e1rea central do munic\u00edpio e encaminhou os suspeitos \u00e0 Delegacia de Pol\u00edcia Civil.<\/p>\n\n\n\n<p>De acordo com a corpora\u00e7\u00e3o, a equipe foi acionada pela Central de Emerg\u00eancias e, ao chegar ao local, conversou com a v\u00edtima para levantar informa\u00e7\u00f5es sobre o crime. Com o aux\u00edlio de c\u00e2meras de vigil\u00e2ncia, os policiais conseguiram identificar os suspeitos.<\/p>\n\n\n\n<figure class=\"wp-block-image size-full\"><img loading=\"lazy\" decoding=\"async\" width=\"598\" height=\"204\" src=\"https:\/\/radiostudiow.com.br\/site\/wp-content\/uploads\/2025\/01\/SITE-MEDIO7.png\" alt=\"\" class=\"wp-image-32801\" srcset=\"https:\/\/radiostudiow.com.br\/site\/wp-content\/uploads\/2025\/01\/SITE-MEDIO7.png 598w, https:\/\/radiostudiow.com.br\/site\/wp-content\/uploads\/2025\/01\/SITE-MEDIO7-300x102.png 300w\" sizes=\"auto, (max-width: 598px) 100vw, 598px\" \/><\/figure>\n\n\n\n<p>Durante as rondas, os militares localizaram os envolvidos em uma \u00e1rea de mata, onde tamb\u00e9m encontraram a bicicleta j\u00e1 desmontada.<\/p>\n\n\n\n<p>Diante da situa\u00e7\u00e3o, os autores do furto e a bicicleta recuperada foram levados \u00e0 Delegacia de Pol\u00edcia Civil para as devidas provid\u00eancias.<\/p>\n\n\n\n<p class=\"has-text-align-center\"><em>Fonte: 2\u00aa Companhia da Pol\u00edcia Militar de Porto Uni\u00e3o<br>Fonte: Assis o Rep\u00f3rter<\/em><\/p>\n","protected":false},"excerpt":{"rendered":"<p>Na manh\u00e3 desta sexta-feira (22), a Pol\u00edcia Militar de Porto Uni\u00e3o recuperou uma bicicleta furtada na \u00e1rea central do munic\u00edpio e encaminhou os suspeitos \u00e0 Delegacia de Pol\u00edcia Civil. De acordo com a corpora\u00e7\u00e3o, a equipe foi acionada pela Central de Emerg\u00eancias e, ao chegar ao local, conversou com a v\u00edtima para levantar informa\u00e7\u00f5es sobre [&hellip;]<\/p>\n","protected":false},"author":2,"featured_media":41613,"comment_status":"open","ping_status":"open","sticky":false,"template":"","format":"standard","meta":{"footnotes":""},"categories":[2],"tags":[172],"class_list":["post-41612","post","type-post","status-publish","format-standard","has-post-thumbnail","hentry","category-policial","tag-featured"],"amp_enabled":true,"_links":{"self":[{"href":"https:\/\/radiostudiow.com.br\/site\/wp-json\/wp\/v2\/posts\/41612","targetHints":{"allow":["GET"]}}],"collection":[{"href":"https:\/\/radiostudiow.com.br\/site\/wp-json\/wp\/v2\/posts"}],"about":[{"href":"https:\/\/radiostudiow.com.br\/site\/wp-json\/wp\/v2\/types\/post"}],"author":[{"embeddable":true,"href":"https:\/\/radiostudiow.com.br\/site\/wp-json\/wp\/v2\/users\/2"}],"replies":[{"embeddable":true,"href":"https:\/\/radiostudiow.com.br\/site\/wp-json\/wp\/v2\/comments?post=41612"}],"version-history":[{"count":1,"href":"https:\/\/radiostudiow.com.br\/site\/wp-json\/wp\/v2\/posts\/41612\/revisions"}],"predecessor-version":[{"id":41614,"href":"https:\/\/radiostudiow.com.br\/site\/wp-json\/wp\/v2\/posts\/41612\/revisions\/41614"}],"wp:featuredmedia":[{"embeddable":true,"href":"https:\/\/radiostudiow.com.br\/site\/wp-json\/wp\/v2\/media\/41613"}],"wp:attachment":[{"href":"https:\/\/radiostudiow.com.br\/site\/wp-json\/wp\/v2\/media?parent=41612"}],"wp:term":[{"taxonomy":"category","embeddable":true,"href":"https:\/\/radiostudiow.com.br\/site\/wp-json\/wp\/v2\/categories?post=41612"},{"taxonomy":"post_tag","embeddable":true,"href":"https:\/\/radiostudiow.com.br\/site\/wp-json\/wp\/v2\/tags?post=41612"}],"curies":[{"name":"wp","href":"https:\/\/api.w.org\/{rel}","templated":true}]}}