{"id":41615,"date":"2025-08-23T10:14:14","date_gmt":"2025-08-23T13:14:14","guid":{"rendered":"https:\/\/radiostudiow.com.br\/site\/?p=41615"},"modified":"2025-08-23T10:14:15","modified_gmt":"2025-08-23T13:14:15","slug":"pedagios-da-regiao-terao-aumento-de-preco-na-semana-que-vem","status":"publish","type":"post","link":"https:\/\/radiostudiow.com.br\/site\/2025\/08\/23\/pedagios-da-regiao-terao-aumento-de-preco-na-semana-que-vem\/","title":{"rendered":"Ped\u00e1gios da regi\u00e3o ter\u00e3o aumento de pre\u00e7o na semana que vem"},"content":{"rendered":"\n<figure class=\"wp-block-image size-full\"><img loading=\"lazy\" decoding=\"async\" width=\"598\" height=\"204\" src=\"https:\/\/radiostudiow.com.br\/site\/wp-content\/uploads\/2024\/01\/SITE-MEDIO.png\" alt=\"\" class=\"wp-image-18916\" srcset=\"https:\/\/radiostudiow.com.br\/site\/wp-content\/uploads\/2024\/01\/SITE-MEDIO.png 598w, https:\/\/radiostudiow.com.br\/site\/wp-content\/uploads\/2024\/01\/SITE-MEDIO-300x102.png 300w\" sizes=\"auto, (max-width: 598px) 100vw, 598px\" \/><\/figure>\n\n\n\n<p class=\"has-text-align-center\"><em>Reda\u00e7\u00e3o <a href=\"https:\/\/portalrdx.com.br\/\">Portalrdx.com.br<\/a><\/em><\/p>\n\n\n\n<p>A partir da pr\u00f3xima quinta-feira, 28 de agosto, as cinco pra\u00e7as de ped\u00e1gio da Via Arauc\u00e1ria ter\u00e3o reajuste de 7,52%, conforme contrato com a ANTT e publica\u00e7\u00e3o no Di\u00e1rio Oficial da Uni\u00e3o. O percentual corresponde \u00e0 varia\u00e7\u00e3o do IPCA entre mar\u00e7o\/2024 e agosto\/2025.<\/p>\n\n\n\n<p>Novos valores para ve\u00edculos leves:<br>\u2022 S\u00e3o Luiz do Purun\u00e3 (BR-277): R$ 9,30 (hoje R$ 8,70)<br>\u2022 Porto Amazonas (BR-277): R$ 11,70 (hoje R$ 10,90)<br>\u2022 Irati (BR-277): R$ 10,90 (hoje R$ 10,20)<br>\u2022 Imbituva (BR-277): R$ 10,70 (hoje R$ 10,00)<br>\u2022 Lapa (BR-476): R$ 12,30 (hoje R$ 11,50)<\/p>\n\n\n\n<p>Na pra\u00e7a da Lapa, caminh\u00f5es com 8 eixos pagar\u00e3o R$ 98,90. Motocicletas continuam isentas.<\/p>\n\n\n\n<figure class=\"wp-block-image size-full\"><img loading=\"lazy\" decoding=\"async\" width=\"598\" height=\"204\" src=\"https:\/\/radiostudiow.com.br\/site\/wp-content\/uploads\/2025\/04\/BOROX.png\" alt=\"\" class=\"wp-image-37229\" srcset=\"https:\/\/radiostudiow.com.br\/site\/wp-content\/uploads\/2025\/04\/BOROX.png 598w, https:\/\/radiostudiow.com.br\/site\/wp-content\/uploads\/2025\/04\/BOROX-300x102.png 300w\" sizes=\"auto, (max-width: 598px) 100vw, 598px\" \/><\/figure>\n\n\n\n<p>Obras em andamento:<br>A concession\u00e1ria informa que est\u00e1 duplicando 16,7 km na PR-418 (Contorno Norte), entre Curitiba, Almirante Tamandar\u00e9 e Colombo, com previs\u00e3o de entrega em fevereiro de 2027.<\/p>\n\n\n\n<p>Outras obras significativas programadas:<br>\u2013 Sete viadutos e um Ponto de Parada e Descanso em Irati (conclus\u00e3o: dezembro\/2025)<br>\u2013 Duplica\u00e7\u00f5es na BR-277 (Palmeira e Irati)<br>\u2013 Duplica\u00e7\u00e3o da PR-423 (Arauc\u00e1ria-Campo Largo)<br>\u2013 Marginais no Contorno Sul<\/p>\n\n\n\n<h2 class=\"wp-block-heading\"><strong>Usu\u00e1rios esperam contrapartida em obras na Lapa<\/strong><\/h2>\n\n\n\n<p>Ap\u00f3s um ano e meio de opera\u00e7\u00e3o, a popula\u00e7\u00e3o questiona o retorno dos investimentos pagos nas tarifas. A concession\u00e1ria tem compromissos contratuais que incluem:<br>\u2013 Duplica\u00e7\u00e3o completa entre Arauc\u00e1ria e Lapa (41,70 km) \u2013 in\u00edcio previsto a partir do 4\u00ba ano de concess\u00e3o (lembrando que haver\u00e1 aumento de 40% na tarifa ap\u00f3s a duplica\u00e7\u00e3o)<br>\u2013 Nove interse\u00e7\u00f5es em desn\u00edvel tipo diamante, uma delas pr\u00f3ximo ao Col\u00e9gio Agr\u00edcola<br>\u2013 Vias marginais em Arauc\u00e1ria e na Lapa<br>\u2013 Corre\u00e7\u00f5es de tra\u00e7ado em pontos cr\u00edticos<\/p>\n\n\n\n<figure class=\"wp-block-image size-large is-resized\"><img loading=\"lazy\" decoding=\"async\" width=\"1024\" height=\"614\" src=\"https:\/\/radiostudiow.com.br\/site\/wp-content\/uploads\/2025\/05\/5914fcac-c2b4-4795-a120-dc162c4a6466-1024x614.jpg\" alt=\"\" class=\"wp-image-38784\" style=\"width:375px;height:auto\" srcset=\"https:\/\/radiostudiow.com.br\/site\/wp-content\/uploads\/2025\/05\/5914fcac-c2b4-4795-a120-dc162c4a6466-1024x614.jpg 1024w, https:\/\/radiostudiow.com.br\/site\/wp-content\/uploads\/2025\/05\/5914fcac-c2b4-4795-a120-dc162c4a6466-300x180.jpg 300w, https:\/\/radiostudiow.com.br\/site\/wp-content\/uploads\/2025\/05\/5914fcac-c2b4-4795-a120-dc162c4a6466-768x460.jpg 768w, https:\/\/radiostudiow.com.br\/site\/wp-content\/uploads\/2025\/05\/5914fcac-c2b4-4795-a120-dc162c4a6466-1536x921.jpg 1536w, https:\/\/radiostudiow.com.br\/site\/wp-content\/uploads\/2025\/05\/5914fcac-c2b4-4795-a120-dc162c4a6466-1000x600.jpg 1000w, https:\/\/radiostudiow.com.br\/site\/wp-content\/uploads\/2025\/05\/5914fcac-c2b4-4795-a120-dc162c4a6466-590x354.jpg 590w, https:\/\/radiostudiow.com.br\/site\/wp-content\/uploads\/2025\/05\/5914fcac-c2b4-4795-a120-dc162c4a6466-400x240.jpg 400w, https:\/\/radiostudiow.com.br\/site\/wp-content\/uploads\/2025\/05\/5914fcac-c2b4-4795-a120-dc162c4a6466.jpg 1600w\" sizes=\"auto, (max-width: 1024px) 100vw, 1024px\" \/><\/figure>\n\n\n\n<p>Na PR-427:<br>\u2013 Terceiras faixas em 38 dos 41 km entre Lapa e Porto Amazonas<br>\u2013 Adequa\u00e7\u00f5es de acessos<br>\u2013 Corre\u00e7\u00f5es em curvas perigosas<\/p>\n\n\n\n<p class=\"has-text-align-center\"><em>Com informa\u00e7\u00f5es Canal da Cidade<\/em><\/p>\n","protected":false},"excerpt":{"rendered":"<p>Reda\u00e7\u00e3o Portalrdx.com.br A partir da pr\u00f3xima quinta-feira, 28 de agosto, as cinco pra\u00e7as de ped\u00e1gio da Via Arauc\u00e1ria ter\u00e3o reajuste de 7,52%, conforme contrato com a ANTT e publica\u00e7\u00e3o no Di\u00e1rio Oficial da Uni\u00e3o. O percentual corresponde \u00e0 varia\u00e7\u00e3o do IPCA entre mar\u00e7o\/2024 e agosto\/2025. Novos valores para ve\u00edculos leves:\u2022 S\u00e3o Luiz do Purun\u00e3 (BR-277): [&hellip;]<\/p>\n","protected":false},"author":2,"featured_media":41616,"comment_status":"open","ping_status":"open","sticky":false,"template":"","format":"standard","meta":{"footnotes":""},"categories":[185],"tags":[172],"class_list":["post-41615","post","type-post","status-publish","format-standard","has-post-thumbnail","hentry","category-regional","tag-featured"],"amp_enabled":true,"_links":{"self":[{"href":"https:\/\/radiostudiow.com.br\/site\/wp-json\/wp\/v2\/posts\/41615","targetHints":{"allow":["GET"]}}],"collection":[{"href":"https:\/\/radiostudiow.com.br\/site\/wp-json\/wp\/v2\/posts"}],"about":[{"href":"https:\/\/radiostudiow.com.br\/site\/wp-json\/wp\/v2\/types\/post"}],"author":[{"embeddable":true,"href":"https:\/\/radiostudiow.com.br\/site\/wp-json\/wp\/v2\/users\/2"}],"replies":[{"embeddable":true,"href":"https:\/\/radiostudiow.com.br\/site\/wp-json\/wp\/v2\/comments?post=41615"}],"version-history":[{"count":1,"href":"https:\/\/radiostudiow.com.br\/site\/wp-json\/wp\/v2\/posts\/41615\/revisions"}],"predecessor-version":[{"id":41617,"href":"https:\/\/radiostudiow.com.br\/site\/wp-json\/wp\/v2\/posts\/41615\/revisions\/41617"}],"wp:featuredmedia":[{"embeddable":true,"href":"https:\/\/radiostudiow.com.br\/site\/wp-json\/wp\/v2\/media\/41616"}],"wp:attachment":[{"href":"https:\/\/radiostudiow.com.br\/site\/wp-json\/wp\/v2\/media?parent=41615"}],"wp:term":[{"taxonomy":"category","embeddable":true,"href":"https:\/\/radiostudiow.com.br\/site\/wp-json\/wp\/v2\/categories?post=41615"},{"taxonomy":"post_tag","embeddable":true,"href":"https:\/\/radiostudiow.com.br\/site\/wp-json\/wp\/v2\/tags?post=41615"}],"curies":[{"name":"wp","href":"https:\/\/api.w.org\/{rel}","templated":true}]}}