{"id":41626,"date":"2025-08-23T10:34:01","date_gmt":"2025-08-23T13:34:01","guid":{"rendered":"https:\/\/radiostudiow.com.br\/site\/?p=41626"},"modified":"2025-08-23T10:34:02","modified_gmt":"2025-08-23T13:34:02","slug":"casa-desocupada-e-invadida-em-rio-azul","status":"publish","type":"post","link":"https:\/\/radiostudiow.com.br\/site\/2025\/08\/23\/casa-desocupada-e-invadida-em-rio-azul\/","title":{"rendered":"Casa desocupada \u00e9 invadida em Rio Azul"},"content":{"rendered":"\n<p>Na madrugada deste s\u00e1bado (23), a Pol\u00edcia Militar de Rio Azul registrou uma ocorr\u00eancia de viola\u00e7\u00e3o de domic\u00edlio e dano.<\/p>\n\n\n\n<p>Por volta das 3h50min, um homem procurou o destacamento policial relatando que uma de suas casas, atualmente desocupada, havia sido invadida por um indiv\u00edduo.<\/p>\n\n\n\n<figure class=\"wp-block-gallery has-nested-images columns-default is-cropped wp-block-gallery-1 is-layout-flex wp-block-gallery-is-layout-flex\">\n<figure class=\"wp-block-image size-large\"><img loading=\"lazy\" decoding=\"async\" width=\"300\" height=\"180\" data-id=\"38014\" src=\"https:\/\/radiostudiow.com.br\/site\/wp-content\/uploads\/2025\/05\/VANE.png\" alt=\"\" class=\"wp-image-38014\"\/><\/figure>\n\n\n\n<figure class=\"wp-block-image size-large\"><img loading=\"lazy\" decoding=\"async\" width=\"300\" height=\"180\" data-id=\"37219\" src=\"https:\/\/radiostudiow.com.br\/site\/wp-content\/uploads\/2025\/04\/AGRODU.png\" alt=\"\" class=\"wp-image-37219\"\/><\/figure>\n<\/figure>\n\n\n\n<p>A equipe se deslocou at\u00e9 o endere\u00e7o e constatou danos nas telhas e em uma das janelas da resid\u00eancia. Apesar dos estragos, a v\u00edtima informou que n\u00e3o sentiu falta de nenhum objeto.<\/p>\n\n\n\n<p>Com base em imagens de c\u00e2meras de seguran\u00e7a, os policiais realizaram buscas na regi\u00e3o e abordaram transeuntes nas proximidades, por\u00e9m o suspeito n\u00e3o foi localizado.<\/p>\n\n\n\n<figure class=\"wp-block-image size-full\"><img loading=\"lazy\" decoding=\"async\" width=\"300\" height=\"180\" src=\"https:\/\/radiostudiow.com.br\/site\/wp-content\/uploads\/2025\/04\/DAIANE.png\" alt=\"\" class=\"wp-image-37227\"\/><\/figure>\n","protected":false},"excerpt":{"rendered":"<p>Na madrugada deste s\u00e1bado (23), a Pol\u00edcia Militar de Rio Azul registrou uma ocorr\u00eancia de viola\u00e7\u00e3o de domic\u00edlio e dano. Por volta das 3h50min, um homem procurou o destacamento policial relatando que uma de suas casas, atualmente desocupada, havia sido invadida por um indiv\u00edduo. A equipe se deslocou at\u00e9 o endere\u00e7o e constatou danos nas [&hellip;]<\/p>\n","protected":false},"author":2,"featured_media":35301,"comment_status":"open","ping_status":"open","sticky":false,"template":"","format":"standard","meta":{"footnotes":""},"categories":[2],"tags":[172],"class_list":["post-41626","post","type-post","status-publish","format-standard","has-post-thumbnail","hentry","category-policial","tag-featured"],"amp_enabled":true,"_links":{"self":[{"href":"https:\/\/radiostudiow.com.br\/site\/wp-json\/wp\/v2\/posts\/41626","targetHints":{"allow":["GET"]}}],"collection":[{"href":"https:\/\/radiostudiow.com.br\/site\/wp-json\/wp\/v2\/posts"}],"about":[{"href":"https:\/\/radiostudiow.com.br\/site\/wp-json\/wp\/v2\/types\/post"}],"author":[{"embeddable":true,"href":"https:\/\/radiostudiow.com.br\/site\/wp-json\/wp\/v2\/users\/2"}],"replies":[{"embeddable":true,"href":"https:\/\/radiostudiow.com.br\/site\/wp-json\/wp\/v2\/comments?post=41626"}],"version-history":[{"count":1,"href":"https:\/\/radiostudiow.com.br\/site\/wp-json\/wp\/v2\/posts\/41626\/revisions"}],"predecessor-version":[{"id":41627,"href":"https:\/\/radiostudiow.com.br\/site\/wp-json\/wp\/v2\/posts\/41626\/revisions\/41627"}],"wp:featuredmedia":[{"embeddable":true,"href":"https:\/\/radiostudiow.com.br\/site\/wp-json\/wp\/v2\/media\/35301"}],"wp:attachment":[{"href":"https:\/\/radiostudiow.com.br\/site\/wp-json\/wp\/v2\/media?parent=41626"}],"wp:term":[{"taxonomy":"category","embeddable":true,"href":"https:\/\/radiostudiow.com.br\/site\/wp-json\/wp\/v2\/categories?post=41626"},{"taxonomy":"post_tag","embeddable":true,"href":"https:\/\/radiostudiow.com.br\/site\/wp-json\/wp\/v2\/tags?post=41626"}],"curies":[{"name":"wp","href":"https:\/\/api.w.org\/{rel}","templated":true}]}}