{"id":4163,"date":"2021-10-26T10:05:35","date_gmt":"2021-10-26T13:05:35","guid":{"rendered":"https:\/\/radiostudiow.com.br\/site\/?p=4163"},"modified":"2025-01-31T15:12:24","modified_gmt":"2025-01-31T18:12:24","slug":"homem-e-preso-por-embriaguez-ao-volante-em-mallet-2","status":"publish","type":"post","link":"https:\/\/radiostudiow.com.br\/site\/2021\/10\/26\/homem-e-preso-por-embriaguez-ao-volante-em-mallet-2\/","title":{"rendered":"Homem \u00e9 preso por embriaguez ao volante em Mallet"},"content":{"rendered":"\n<p>A equipe da Pol\u00edcia Militar estava em patrulhamento di\u00e1rio na \u00e1rea central do munic\u00edpio quando visualizou um ve\u00edculo marca Fiat Uno transitando em atitudes suspeitas na noite desse domingo (24).<\/p>\n\n\n\n<p>O condutor do ve\u00edculo que transitava em zig zag por volta das 19:45 horas foi abordado pela equipe policial e identificado. O suspeito apresentava vis\u00edveis sinais de embriaguez convidado a realizar o teste de alcoolemia o qual aferiu 0,92mg\/l.<\/p>\n\n\n\n<p>Diante da situa\u00e7\u00e3o foi dada voz de pris\u00e3o e repassado a situa\u00e7\u00e3o a 4\u00aa SDP para procedimentos de pol\u00edcia judici\u00e1ria<\/p>\n\n\n\n<p>Os policiais ainda em consulta ao sistema SESP foi verificado que o condutor n\u00e3o possuiu CNH e que o ve\u00edculo possui d\u00e9bitos junto ao DETRAN sendo confeccionadas as notifica\u00e7\u00f5es pertinentes.<\/p>\n\n\n\n<figure class=\"wp-block-image size-full\"><img decoding=\"async\" src=\"https:\/\/radiostudiow.com.br\/site\/wp-content\/uploads\/2021\/08\/240387432_2992083691066122_4820772207429196742_n.jpg\" alt=\"\" class=\"wp-image-3380\"\/><\/figure>\n","protected":false},"excerpt":{"rendered":"<p>A equipe da Pol\u00edcia Militar estava em patrulhamento di\u00e1rio na \u00e1rea central do munic\u00edpio quando visualizou um ve\u00edculo marca Fiat Uno transitando em atitudes suspeitas na noite desse domingo (24). O condutor do ve\u00edculo que transitava em zig zag por volta das 19:45 horas foi abordado pela equipe policial e identificado. O suspeito apresentava vis\u00edveis [&hellip;]<\/p>\n","protected":false},"author":2,"featured_media":4104,"comment_status":"open","ping_status":"open","sticky":false,"template":"","format":"standard","meta":{"footnotes":""},"categories":[2],"tags":[172],"class_list":["post-4163","post","type-post","status-publish","format-standard","has-post-thumbnail","hentry","category-policial","tag-featured"],"amp_enabled":true,"_links":{"self":[{"href":"https:\/\/radiostudiow.com.br\/site\/wp-json\/wp\/v2\/posts\/4163","targetHints":{"allow":["GET"]}}],"collection":[{"href":"https:\/\/radiostudiow.com.br\/site\/wp-json\/wp\/v2\/posts"}],"about":[{"href":"https:\/\/radiostudiow.com.br\/site\/wp-json\/wp\/v2\/types\/post"}],"author":[{"embeddable":true,"href":"https:\/\/radiostudiow.com.br\/site\/wp-json\/wp\/v2\/users\/2"}],"replies":[{"embeddable":true,"href":"https:\/\/radiostudiow.com.br\/site\/wp-json\/wp\/v2\/comments?post=4163"}],"version-history":[{"count":2,"href":"https:\/\/radiostudiow.com.br\/site\/wp-json\/wp\/v2\/posts\/4163\/revisions"}],"predecessor-version":[{"id":4167,"href":"https:\/\/radiostudiow.com.br\/site\/wp-json\/wp\/v2\/posts\/4163\/revisions\/4167"}],"wp:featuredmedia":[{"embeddable":true,"href":"https:\/\/radiostudiow.com.br\/site\/wp-json\/wp\/v2\/media\/4104"}],"wp:attachment":[{"href":"https:\/\/radiostudiow.com.br\/site\/wp-json\/wp\/v2\/media?parent=4163"}],"wp:term":[{"taxonomy":"category","embeddable":true,"href":"https:\/\/radiostudiow.com.br\/site\/wp-json\/wp\/v2\/categories?post=4163"},{"taxonomy":"post_tag","embeddable":true,"href":"https:\/\/radiostudiow.com.br\/site\/wp-json\/wp\/v2\/tags?post=4163"}],"curies":[{"name":"wp","href":"https:\/\/api.w.org\/{rel}","templated":true}]}}