{"id":41639,"date":"2025-08-25T09:50:09","date_gmt":"2025-08-25T12:50:09","guid":{"rendered":"https:\/\/radiostudiow.com.br\/site\/?p=41639"},"modified":"2025-08-25T09:58:18","modified_gmt":"2025-08-25T12:58:18","slug":"policia-militar-prende-homem-por-violencia-domestica-em-uniao-da-vitoria-2","status":"publish","type":"post","link":"https:\/\/radiostudiow.com.br\/site\/2025\/08\/25\/policia-militar-prende-homem-por-violencia-domestica-em-uniao-da-vitoria-2\/","title":{"rendered":"Pol\u00edcia Militar prende dois homens por viol\u00eancia dom\u00e9stica em Uni\u00e3o da Vit\u00f3ria"},"content":{"rendered":"\n<figure class=\"wp-block-image size-full\"><img loading=\"lazy\" decoding=\"async\" width=\"897\" height=\"204\" src=\"https:\/\/radiostudiow.com.br\/site\/wp-content\/uploads\/2025\/03\/BARAO-NOVO-NOTICIAS-1.jpg\" alt=\"\" class=\"wp-image-35084\" srcset=\"https:\/\/radiostudiow.com.br\/site\/wp-content\/uploads\/2025\/03\/BARAO-NOVO-NOTICIAS-1.jpg 897w, https:\/\/radiostudiow.com.br\/site\/wp-content\/uploads\/2025\/03\/BARAO-NOVO-NOTICIAS-1-300x68.jpg 300w, https:\/\/radiostudiow.com.br\/site\/wp-content\/uploads\/2025\/03\/BARAO-NOVO-NOTICIAS-1-768x175.jpg 768w\" sizes=\"auto, (max-width: 897px) 100vw, 897px\" \/><\/figure>\n\n\n\n<p><br>A primeira ocorr\u00eancia a equipe da Pol\u00edcial Militar realizou atendimento de uma den\u00fancia de viol\u00eancia dom\u00e9stica no bairro S\u00e3o Bernardo por volta das 20h40min desse s\u00e1bado (23).<\/p>\n\n\n\n<p>Os policiais entraram em contato com a v\u00edtima, a qual passou a relatar que havia sido agredida por seu convivente e que o autor havia se evadido do local em um ve\u00edculo.<\/p>\n\n\n\n<p>Durante patrulhamento o ve\u00edculo denunciado foi localizado e abordado, sendo encontrado o autor do crime, o qual recebeu voz de pris\u00e3o e foi conduzido para a Delegacia de Pol\u00edcia Civil para as provid\u00eancias legais.<\/p>\n\n\n\n<p><\/p>\n\n\n\n<figure class=\"wp-block-image size-full\"><img loading=\"lazy\" decoding=\"async\" width=\"897\" height=\"204\" src=\"https:\/\/radiostudiow.com.br\/site\/wp-content\/uploads\/2025\/03\/image-62.png\" alt=\"\" class=\"wp-image-35859\" srcset=\"https:\/\/radiostudiow.com.br\/site\/wp-content\/uploads\/2025\/03\/image-62.png 897w, https:\/\/radiostudiow.com.br\/site\/wp-content\/uploads\/2025\/03\/image-62-300x68.png 300w, https:\/\/radiostudiow.com.br\/site\/wp-content\/uploads\/2025\/03\/image-62-768x175.png 768w\" sizes=\"auto, (max-width: 897px) 100vw, 897px\" \/><\/figure>\n\n\n\n<p><\/p>\n\n\n\n<p>A segunda ocorr\u00eancia a equipe da Policial Militar foi acionada para atendimendo de ocorr\u00eancia de viol\u00eancia dom\u00e9stica no bairro S\u00e3o Crist\u00f3v\u00e3o. O caso ocorreu por volta das 23h50min desse s\u00e1bado (23).<\/p>\n\n\n\n<p>No local a equipe entrou em contato com a v\u00edtima, a qual relatou ter sido agredida por seu ex-convivente. Os policiais verificaram que havia um conflito relacionado \u00e0 guarda do filho de ambos.<\/p>\n\n\n\n<p>O autor estava no local e recebeu voz de pris\u00e3o pelo crime. O conselho tutelar for acionado<br>e as partes foram conduzidas para a 4\u00aa SDP para os procedimentos legais.<\/p>\n","protected":false},"excerpt":{"rendered":"<p>A primeira ocorr\u00eancia a equipe da Pol\u00edcial Militar realizou atendimento de uma den\u00fancia de viol\u00eancia dom\u00e9stica no bairro S\u00e3o Bernardo por volta das 20h40min desse s\u00e1bado (23). Os policiais entraram em contato com a v\u00edtima, a qual passou a relatar que havia sido agredida por seu convivente e que o autor havia se evadido do [&hellip;]<\/p>\n","protected":false},"author":2,"featured_media":15416,"comment_status":"open","ping_status":"open","sticky":false,"template":"","format":"standard","meta":{"footnotes":""},"categories":[2],"tags":[172],"class_list":["post-41639","post","type-post","status-publish","format-standard","has-post-thumbnail","hentry","category-policial","tag-featured"],"amp_enabled":true,"_links":{"self":[{"href":"https:\/\/radiostudiow.com.br\/site\/wp-json\/wp\/v2\/posts\/41639","targetHints":{"allow":["GET"]}}],"collection":[{"href":"https:\/\/radiostudiow.com.br\/site\/wp-json\/wp\/v2\/posts"}],"about":[{"href":"https:\/\/radiostudiow.com.br\/site\/wp-json\/wp\/v2\/types\/post"}],"author":[{"embeddable":true,"href":"https:\/\/radiostudiow.com.br\/site\/wp-json\/wp\/v2\/users\/2"}],"replies":[{"embeddable":true,"href":"https:\/\/radiostudiow.com.br\/site\/wp-json\/wp\/v2\/comments?post=41639"}],"version-history":[{"count":2,"href":"https:\/\/radiostudiow.com.br\/site\/wp-json\/wp\/v2\/posts\/41639\/revisions"}],"predecessor-version":[{"id":41644,"href":"https:\/\/radiostudiow.com.br\/site\/wp-json\/wp\/v2\/posts\/41639\/revisions\/41644"}],"wp:featuredmedia":[{"embeddable":true,"href":"https:\/\/radiostudiow.com.br\/site\/wp-json\/wp\/v2\/media\/15416"}],"wp:attachment":[{"href":"https:\/\/radiostudiow.com.br\/site\/wp-json\/wp\/v2\/media?parent=41639"}],"wp:term":[{"taxonomy":"category","embeddable":true,"href":"https:\/\/radiostudiow.com.br\/site\/wp-json\/wp\/v2\/categories?post=41639"},{"taxonomy":"post_tag","embeddable":true,"href":"https:\/\/radiostudiow.com.br\/site\/wp-json\/wp\/v2\/tags?post=41639"}],"curies":[{"name":"wp","href":"https:\/\/api.w.org\/{rel}","templated":true}]}}