{"id":41645,"date":"2025-08-25T16:20:50","date_gmt":"2025-08-25T19:20:50","guid":{"rendered":"https:\/\/radiostudiow.com.br\/site\/?p=41645"},"modified":"2025-08-25T16:20:51","modified_gmt":"2025-08-25T19:20:51","slug":"policia-militar-prende-homem-por-posse-irregular-de-arma-de-fogo-em-sao-mateus-do-sul","status":"publish","type":"post","link":"https:\/\/radiostudiow.com.br\/site\/2025\/08\/25\/policia-militar-prende-homem-por-posse-irregular-de-arma-de-fogo-em-sao-mateus-do-sul\/","title":{"rendered":"Pol\u00edcia Militar prende homem por posse irregular de arma de fogo em S\u00e3o Mateus do Sul"},"content":{"rendered":"\n<p><br>A equipe da Pol\u00edcia Militar de S\u00e3o Mateus do Sul ap\u00f3s recebimento de den\u00fancia de um homem manuseando uma arma de fogo em uma resid\u00eancia no bairro Vila Nova por volta das 20h22min desse s\u00e1bado (23).<\/p>\n\n\n\n<figure class=\"wp-block-image size-full\"><img loading=\"lazy\" decoding=\"async\" width=\"598\" height=\"204\" src=\"https:\/\/radiostudiow.com.br\/site\/wp-content\/uploads\/2024\/01\/SITE-MEDIO.png\" alt=\"\" class=\"wp-image-18916\" srcset=\"https:\/\/radiostudiow.com.br\/site\/wp-content\/uploads\/2024\/01\/SITE-MEDIO.png 598w, https:\/\/radiostudiow.com.br\/site\/wp-content\/uploads\/2024\/01\/SITE-MEDIO-300x102.png 300w\" sizes=\"auto, (max-width: 598px) 100vw, 598px\" \/><\/figure>\n\n\n\n<p>Os policiais se deslocaram at\u00e9 o local e realizou a abordagem do indiv\u00edduo denunciado, sendo que no local foi encontrada uma espingarda cal. 28 da marca Rossi.<\/p>\n\n\n\n<p>Foi verificado que o homem n\u00e3o possu\u00eda autoriza\u00e7\u00e3o para posse do armamento, bem como, o armamento n\u00e3o possu\u00eda sinal identifica\u00e7\u00e3o, por este motivo, recebeu voz de pris\u00e3o e foi conduzido junto do armamento apreendido at\u00e9 a Delegacia de Pol\u00edcia Civil.<\/p>\n","protected":false},"excerpt":{"rendered":"<p>A equipe da Pol\u00edcia Militar de S\u00e3o Mateus do Sul ap\u00f3s recebimento de den\u00fancia de um homem manuseando uma arma de fogo em uma resid\u00eancia no bairro Vila Nova por volta das 20h22min desse s\u00e1bado (23). Os policiais se deslocaram at\u00e9 o local e realizou a abordagem do indiv\u00edduo denunciado, sendo que no local foi [&hellip;]<\/p>\n","protected":false},"author":2,"featured_media":41674,"comment_status":"open","ping_status":"open","sticky":false,"template":"","format":"standard","meta":{"footnotes":""},"categories":[2],"tags":[172],"class_list":["post-41645","post","type-post","status-publish","format-standard","has-post-thumbnail","hentry","category-policial","tag-featured"],"amp_enabled":true,"_links":{"self":[{"href":"https:\/\/radiostudiow.com.br\/site\/wp-json\/wp\/v2\/posts\/41645","targetHints":{"allow":["GET"]}}],"collection":[{"href":"https:\/\/radiostudiow.com.br\/site\/wp-json\/wp\/v2\/posts"}],"about":[{"href":"https:\/\/radiostudiow.com.br\/site\/wp-json\/wp\/v2\/types\/post"}],"author":[{"embeddable":true,"href":"https:\/\/radiostudiow.com.br\/site\/wp-json\/wp\/v2\/users\/2"}],"replies":[{"embeddable":true,"href":"https:\/\/radiostudiow.com.br\/site\/wp-json\/wp\/v2\/comments?post=41645"}],"version-history":[{"count":2,"href":"https:\/\/radiostudiow.com.br\/site\/wp-json\/wp\/v2\/posts\/41645\/revisions"}],"predecessor-version":[{"id":41675,"href":"https:\/\/radiostudiow.com.br\/site\/wp-json\/wp\/v2\/posts\/41645\/revisions\/41675"}],"wp:featuredmedia":[{"embeddable":true,"href":"https:\/\/radiostudiow.com.br\/site\/wp-json\/wp\/v2\/media\/41674"}],"wp:attachment":[{"href":"https:\/\/radiostudiow.com.br\/site\/wp-json\/wp\/v2\/media?parent=41645"}],"wp:term":[{"taxonomy":"category","embeddable":true,"href":"https:\/\/radiostudiow.com.br\/site\/wp-json\/wp\/v2\/categories?post=41645"},{"taxonomy":"post_tag","embeddable":true,"href":"https:\/\/radiostudiow.com.br\/site\/wp-json\/wp\/v2\/tags?post=41645"}],"curies":[{"name":"wp","href":"https:\/\/api.w.org\/{rel}","templated":true}]}}