{"id":41647,"date":"2025-08-25T10:29:40","date_gmt":"2025-08-25T13:29:40","guid":{"rendered":"https:\/\/radiostudiow.com.br\/site\/?p=41647"},"modified":"2025-08-25T11:33:24","modified_gmt":"2025-08-25T14:33:24","slug":"colisao-frontal-deixa-duas-pessoas-feridas-na-br-153-em-irati","status":"publish","type":"post","link":"https:\/\/radiostudiow.com.br\/site\/2025\/08\/25\/colisao-frontal-deixa-duas-pessoas-feridas-na-br-153-em-irati\/","title":{"rendered":"Colis\u00e3o frontal deixa duas pessoas feridas na BR-153 em Irati"},"content":{"rendered":"\n<p>Um acidente do tipo colis\u00e3o frontal envolveu dois ve\u00edculos e deixou duas pessoas feridas e foi registrado no km 334 da&nbsp;BR-153, em&nbsp;Irati na manh\u00e3 deste domingo (24).<\/p>\n\n\n\n<p>Segundo a Pol\u00edcia Rodovi\u00e1ria Federal, os carros envolvidos foram um&nbsp;Fiat Pulse, de cor cinza, e um&nbsp;Chevrolet Cruze, de cor preta, ambos com placas de Irati.<\/p>\n\n\n\n<figure class=\"wp-block-image size-full\"><img loading=\"lazy\" decoding=\"async\" width=\"897\" height=\"204\" src=\"https:\/\/radiostudiow.com.br\/site\/wp-content\/uploads\/2025\/02\/SITE-GRANDE7.png\" alt=\"\" class=\"wp-image-33861\" srcset=\"https:\/\/radiostudiow.com.br\/site\/wp-content\/uploads\/2025\/02\/SITE-GRANDE7.png 897w, https:\/\/radiostudiow.com.br\/site\/wp-content\/uploads\/2025\/02\/SITE-GRANDE7-300x68.png 300w, https:\/\/radiostudiow.com.br\/site\/wp-content\/uploads\/2025\/02\/SITE-GRANDE7-768x175.png 768w\" sizes=\"auto, (max-width: 897px) 100vw, 897px\" \/><\/figure>\n\n\n\n<p>O condutor do Pulse, jovem de 18 anos, teve ferimentos leves e foi encaminhado para atendimento m\u00e9dico pelo&nbsp;SAMU. Ele realizou o teste do baf\u00f4metro, que deu resultado negativo.<\/p>\n\n\n\n<p>O motorista do Cruze, de 33 anos, saiu ileso. J\u00e1 a passageira, uma idosa de 71 anos, sofreu ferimentos leves e foi socorrida pelo&nbsp;Corpo de Bombeiros&nbsp;at\u00e9 o hospital.<\/p>\n\n\n\n<figure class=\"wp-block-image size-full\"><img loading=\"lazy\" decoding=\"async\" width=\"598\" height=\"204\" src=\"https:\/\/radiostudiow.com.br\/site\/wp-content\/uploads\/2025\/05\/BEAZY.jpg.png\" alt=\"\" class=\"wp-image-38197\" srcset=\"https:\/\/radiostudiow.com.br\/site\/wp-content\/uploads\/2025\/05\/BEAZY.jpg.png 598w, https:\/\/radiostudiow.com.br\/site\/wp-content\/uploads\/2025\/05\/BEAZY.jpg-300x102.png 300w\" sizes=\"auto, (max-width: 598px) 100vw, 598px\" \/><\/figure>\n\n\n\n<figure class=\"wp-block-video\"><video height=\"392\" style=\"aspect-ratio: 848 \/ 392;\" width=\"848\" controls src=\"https:\/\/radiostudiow.com.br\/site\/wp-content\/uploads\/2025\/08\/WhatsApp-Video-2025-08-25-at-11.08.12.mp4\"><\/video><\/figure>\n","protected":false},"excerpt":{"rendered":"<p>Um acidente do tipo colis\u00e3o frontal envolveu dois ve\u00edculos e deixou duas pessoas feridas e foi registrado no km 334 da&nbsp;BR-153, em&nbsp;Irati na manh\u00e3 deste domingo (24). Segundo a Pol\u00edcia Rodovi\u00e1ria Federal, os carros envolvidos foram um&nbsp;Fiat Pulse, de cor cinza, e um&nbsp;Chevrolet Cruze, de cor preta, ambos com placas de Irati. O condutor do [&hellip;]<\/p>\n","protected":false},"author":2,"featured_media":41648,"comment_status":"open","ping_status":"open","sticky":false,"template":"","format":"standard","meta":{"footnotes":""},"categories":[185],"tags":[172],"class_list":["post-41647","post","type-post","status-publish","format-standard","has-post-thumbnail","hentry","category-regional","tag-featured"],"amp_enabled":true,"_links":{"self":[{"href":"https:\/\/radiostudiow.com.br\/site\/wp-json\/wp\/v2\/posts\/41647","targetHints":{"allow":["GET"]}}],"collection":[{"href":"https:\/\/radiostudiow.com.br\/site\/wp-json\/wp\/v2\/posts"}],"about":[{"href":"https:\/\/radiostudiow.com.br\/site\/wp-json\/wp\/v2\/types\/post"}],"author":[{"embeddable":true,"href":"https:\/\/radiostudiow.com.br\/site\/wp-json\/wp\/v2\/users\/2"}],"replies":[{"embeddable":true,"href":"https:\/\/radiostudiow.com.br\/site\/wp-json\/wp\/v2\/comments?post=41647"}],"version-history":[{"count":2,"href":"https:\/\/radiostudiow.com.br\/site\/wp-json\/wp\/v2\/posts\/41647\/revisions"}],"predecessor-version":[{"id":41661,"href":"https:\/\/radiostudiow.com.br\/site\/wp-json\/wp\/v2\/posts\/41647\/revisions\/41661"}],"wp:featuredmedia":[{"embeddable":true,"href":"https:\/\/radiostudiow.com.br\/site\/wp-json\/wp\/v2\/media\/41648"}],"wp:attachment":[{"href":"https:\/\/radiostudiow.com.br\/site\/wp-json\/wp\/v2\/media?parent=41647"}],"wp:term":[{"taxonomy":"category","embeddable":true,"href":"https:\/\/radiostudiow.com.br\/site\/wp-json\/wp\/v2\/categories?post=41647"},{"taxonomy":"post_tag","embeddable":true,"href":"https:\/\/radiostudiow.com.br\/site\/wp-json\/wp\/v2\/tags?post=41647"}],"curies":[{"name":"wp","href":"https:\/\/api.w.org\/{rel}","templated":true}]}}