{"id":41650,"date":"2025-08-25T10:33:24","date_gmt":"2025-08-25T13:33:24","guid":{"rendered":"https:\/\/radiostudiow.com.br\/site\/?p=41650"},"modified":"2025-08-25T10:33:25","modified_gmt":"2025-08-25T13:33:25","slug":"motociclista-morre-em-colisao-frontal-na-br-153-em-tibagi","status":"publish","type":"post","link":"https:\/\/radiostudiow.com.br\/site\/2025\/08\/25\/motociclista-morre-em-colisao-frontal-na-br-153-em-tibagi\/","title":{"rendered":"Motociclista morre em colis\u00e3o frontal na BR-153 em Tibagi"},"content":{"rendered":"\n<p>Um grave acidente de tr\u00e2nsito foi registrado na manh\u00e3 deste domingo (24) na BR-153, km 239,4, em Tibagi, Paran\u00e1, resultando na morte de um homem de 51 anos.<\/p>\n\n\n\n<p>A colis\u00e3o frontal envolveu um GM Onix, com placas de Belo Horizonte, e uma motocicleta BMW, emplacada em Balne\u00e1rio Cambori\u00fa.<\/p>\n\n\n\n<figure class=\"wp-block-image size-full\"><img loading=\"lazy\" decoding=\"async\" width=\"897\" height=\"207\" src=\"https:\/\/radiostudiow.com.br\/site\/wp-content\/uploads\/2025\/07\/TIJOLAO.png\" alt=\"\" class=\"wp-image-40184\" srcset=\"https:\/\/radiostudiow.com.br\/site\/wp-content\/uploads\/2025\/07\/TIJOLAO.png 897w, https:\/\/radiostudiow.com.br\/site\/wp-content\/uploads\/2025\/07\/TIJOLAO-300x69.png 300w, https:\/\/radiostudiow.com.br\/site\/wp-content\/uploads\/2025\/07\/TIJOLAO-768x177.png 768w\" sizes=\"auto, (max-width: 897px) 100vw, 897px\" \/><\/figure>\n\n\n\n<p>A v\u00edtima fatal era o condutor da motocicleta, residente em Ponta Grossa. Equipes da Pol\u00edcia Civil e do Instituto M\u00e9dico Legal (IML) foram acionadas para atendimento e procedimentos no local.<\/p>\n\n\n\n<p>O corpo da v\u00edtima \u2013 que ainda n\u00e3o teve o nome divulgado \u2013 foi encaminhado ao IML de Ponta Grossa.<\/p>\n\n\n\n<p>De acordo com informa\u00e7\u00f5es preliminares, o condutor do carro realizou teste de baf\u00f4metro, que teve resultado negativo.<\/p>\n\n\n\n<p>As circunst\u00e2ncias que levaram \u00e0 colis\u00e3o ainda est\u00e3o sendo investigadas pelas autoridades.<\/p>\n\n\n\n<figure class=\"wp-block-image size-full\"><img loading=\"lazy\" decoding=\"async\" width=\"300\" height=\"180\" src=\"https:\/\/radiostudiow.com.br\/site\/wp-content\/uploads\/2025\/05\/SITE-PEQUENO.jpg\" alt=\"\" class=\"wp-image-38684\"\/><\/figure>\n\n\n\n<figure class=\"wp-block-image\" id=\"attachment_580416\"><a href=\"https:\/\/www.vvale.com.br\/transito\/colisao-frontal-na-br-153-deixa-motociclista-morto\/attachment\/whatsapp-image-2025-08-24-at-18-55-21\/\"><img decoding=\"async\" src=\"https:\/\/static5.vvale.com.br\/wp-content\/uploads\/2025\/08\/WhatsApp-Image-2025-08-24-at-18.55.21-720x540.jpeg\" alt=\"\" class=\"wp-image-580416\"\/><\/a><figcaption class=\"wp-element-caption\">(Foto: PRF).<\/figcaption><\/figure>\n","protected":false},"excerpt":{"rendered":"<p>Um grave acidente de tr\u00e2nsito foi registrado na manh\u00e3 deste domingo (24) na BR-153, km 239,4, em Tibagi, Paran\u00e1, resultando na morte de um homem de 51 anos. A colis\u00e3o frontal envolveu um GM Onix, com placas de Belo Horizonte, e uma motocicleta BMW, emplacada em Balne\u00e1rio Cambori\u00fa. A v\u00edtima fatal era o condutor da [&hellip;]<\/p>\n","protected":false},"author":2,"featured_media":41651,"comment_status":"open","ping_status":"open","sticky":false,"template":"","format":"standard","meta":{"footnotes":""},"categories":[185],"tags":[172],"class_list":["post-41650","post","type-post","status-publish","format-standard","has-post-thumbnail","hentry","category-regional","tag-featured"],"amp_enabled":true,"_links":{"self":[{"href":"https:\/\/radiostudiow.com.br\/site\/wp-json\/wp\/v2\/posts\/41650","targetHints":{"allow":["GET"]}}],"collection":[{"href":"https:\/\/radiostudiow.com.br\/site\/wp-json\/wp\/v2\/posts"}],"about":[{"href":"https:\/\/radiostudiow.com.br\/site\/wp-json\/wp\/v2\/types\/post"}],"author":[{"embeddable":true,"href":"https:\/\/radiostudiow.com.br\/site\/wp-json\/wp\/v2\/users\/2"}],"replies":[{"embeddable":true,"href":"https:\/\/radiostudiow.com.br\/site\/wp-json\/wp\/v2\/comments?post=41650"}],"version-history":[{"count":1,"href":"https:\/\/radiostudiow.com.br\/site\/wp-json\/wp\/v2\/posts\/41650\/revisions"}],"predecessor-version":[{"id":41652,"href":"https:\/\/radiostudiow.com.br\/site\/wp-json\/wp\/v2\/posts\/41650\/revisions\/41652"}],"wp:featuredmedia":[{"embeddable":true,"href":"https:\/\/radiostudiow.com.br\/site\/wp-json\/wp\/v2\/media\/41651"}],"wp:attachment":[{"href":"https:\/\/radiostudiow.com.br\/site\/wp-json\/wp\/v2\/media?parent=41650"}],"wp:term":[{"taxonomy":"category","embeddable":true,"href":"https:\/\/radiostudiow.com.br\/site\/wp-json\/wp\/v2\/categories?post=41650"},{"taxonomy":"post_tag","embeddable":true,"href":"https:\/\/radiostudiow.com.br\/site\/wp-json\/wp\/v2\/tags?post=41650"}],"curies":[{"name":"wp","href":"https:\/\/api.w.org\/{rel}","templated":true}]}}