{"id":41653,"date":"2025-08-25T10:41:35","date_gmt":"2025-08-25T13:41:35","guid":{"rendered":"https:\/\/radiostudiow.com.br\/site\/?p=41653"},"modified":"2025-08-25T10:41:35","modified_gmt":"2025-08-25T13:41:35","slug":"crianca-e-socorrida-de-helicoptero-apos-cair-de-caminhao-em-movimento-na-br-277","status":"publish","type":"post","link":"https:\/\/radiostudiow.com.br\/site\/2025\/08\/25\/crianca-e-socorrida-de-helicoptero-apos-cair-de-caminhao-em-movimento-na-br-277\/","title":{"rendered":"Crian\u00e7a \u00e9 socorrida de helic\u00f3ptero ap\u00f3s cair de caminh\u00e3o em movimento na BR-277"},"content":{"rendered":"\n<p>O N\u00facleo de Opera\u00e7\u00f5es A\u00e9reas da Pol\u00edcia Rodovi\u00e1ria Federal (PRF) foi acionado para prestar apoio em uma ocorr\u00eancia grave na\u00a0BR-277, em Campo Largo na manh\u00e3 deste domingo (24).<\/p>\n\n\n\n<p>Segundo informa\u00e7\u00f5es, uma crian\u00e7a do sexo masculino caiu da cabine de um caminh\u00e3o em movimento ap\u00f3s a porta do ve\u00edculo abrir.<\/p>\n\n\n\n<figure class=\"wp-block-image size-full\"><img loading=\"lazy\" decoding=\"async\" width=\"897\" height=\"204\" src=\"https:\/\/radiostudiow.com.br\/site\/wp-content\/uploads\/2025\/06\/BARROS.png\" alt=\"\" class=\"wp-image-39575\" srcset=\"https:\/\/radiostudiow.com.br\/site\/wp-content\/uploads\/2025\/06\/BARROS.png 897w, https:\/\/radiostudiow.com.br\/site\/wp-content\/uploads\/2025\/06\/BARROS-300x68.png 300w, https:\/\/radiostudiow.com.br\/site\/wp-content\/uploads\/2025\/06\/BARROS-768x175.png 768w\" sizes=\"auto, (max-width: 897px) 100vw, 897px\" \/><\/figure>\n\n\n\n<p><strong>O menino sofreu traumatismo craniano grave (TCE) e precisou de atendimento imediato.<\/strong><\/p>\n\n\n\n<p>Equipes da concession\u00e1ria respons\u00e1vel pelo trecho e do SAMU realizaram os primeiros socorros ainda no local.<\/p>\n\n\n\n<p>Ap\u00f3s ser estabilizada, a v\u00edtima foi embarcada no helic\u00f3ptero da PRF e, em menos de cinco minutos de voo, encaminhada ao Hospital do Trabalhador, em Curitiba, onde permaneceu sob cuidados m\u00e9dicos.<\/p>\n","protected":false},"excerpt":{"rendered":"<p>O N\u00facleo de Opera\u00e7\u00f5es A\u00e9reas da Pol\u00edcia Rodovi\u00e1ria Federal (PRF) foi acionado para prestar apoio em uma ocorr\u00eancia grave na\u00a0BR-277, em Campo Largo na manh\u00e3 deste domingo (24). Segundo informa\u00e7\u00f5es, uma crian\u00e7a do sexo masculino caiu da cabine de um caminh\u00e3o em movimento ap\u00f3s a porta do ve\u00edculo abrir. O menino sofreu traumatismo craniano grave [&hellip;]<\/p>\n","protected":false},"author":2,"featured_media":41654,"comment_status":"open","ping_status":"open","sticky":false,"template":"","format":"standard","meta":{"footnotes":""},"categories":[185],"tags":[172],"class_list":["post-41653","post","type-post","status-publish","format-standard","has-post-thumbnail","hentry","category-regional","tag-featured"],"amp_enabled":true,"_links":{"self":[{"href":"https:\/\/radiostudiow.com.br\/site\/wp-json\/wp\/v2\/posts\/41653","targetHints":{"allow":["GET"]}}],"collection":[{"href":"https:\/\/radiostudiow.com.br\/site\/wp-json\/wp\/v2\/posts"}],"about":[{"href":"https:\/\/radiostudiow.com.br\/site\/wp-json\/wp\/v2\/types\/post"}],"author":[{"embeddable":true,"href":"https:\/\/radiostudiow.com.br\/site\/wp-json\/wp\/v2\/users\/2"}],"replies":[{"embeddable":true,"href":"https:\/\/radiostudiow.com.br\/site\/wp-json\/wp\/v2\/comments?post=41653"}],"version-history":[{"count":1,"href":"https:\/\/radiostudiow.com.br\/site\/wp-json\/wp\/v2\/posts\/41653\/revisions"}],"predecessor-version":[{"id":41655,"href":"https:\/\/radiostudiow.com.br\/site\/wp-json\/wp\/v2\/posts\/41653\/revisions\/41655"}],"wp:featuredmedia":[{"embeddable":true,"href":"https:\/\/radiostudiow.com.br\/site\/wp-json\/wp\/v2\/media\/41654"}],"wp:attachment":[{"href":"https:\/\/radiostudiow.com.br\/site\/wp-json\/wp\/v2\/media?parent=41653"}],"wp:term":[{"taxonomy":"category","embeddable":true,"href":"https:\/\/radiostudiow.com.br\/site\/wp-json\/wp\/v2\/categories?post=41653"},{"taxonomy":"post_tag","embeddable":true,"href":"https:\/\/radiostudiow.com.br\/site\/wp-json\/wp\/v2\/tags?post=41653"}],"curies":[{"name":"wp","href":"https:\/\/api.w.org\/{rel}","templated":true}]}}