{"id":41662,"date":"2025-08-25T11:42:35","date_gmt":"2025-08-25T14:42:35","guid":{"rendered":"https:\/\/radiostudiow.com.br\/site\/?p=41662"},"modified":"2025-08-25T11:42:35","modified_gmt":"2025-08-25T14:42:35","slug":"quatro-acidentes-de-saida-de-pista-ocorrem-em-uniao-da-vitoria-e-cruz-machado","status":"publish","type":"post","link":"https:\/\/radiostudiow.com.br\/site\/2025\/08\/25\/quatro-acidentes-de-saida-de-pista-ocorrem-em-uniao-da-vitoria-e-cruz-machado\/","title":{"rendered":"Quatro acidentes de sa\u00edda de pista ocorrem em Uni\u00e3o da Vit\u00f3ria e Cruz Machado"},"content":{"rendered":"\n<figure class=\"wp-block-image size-full\"><img loading=\"lazy\" decoding=\"async\" width=\"897\" height=\"204\" src=\"https:\/\/radiostudiow.com.br\/site\/wp-content\/uploads\/2024\/01\/SITE-GRANDE3.png\" alt=\"zaions\" class=\"wp-image-18936\" srcset=\"https:\/\/radiostudiow.com.br\/site\/wp-content\/uploads\/2024\/01\/SITE-GRANDE3.png 897w, https:\/\/radiostudiow.com.br\/site\/wp-content\/uploads\/2024\/01\/SITE-GRANDE3-300x68.png 300w, https:\/\/radiostudiow.com.br\/site\/wp-content\/uploads\/2024\/01\/SITE-GRANDE3-768x175.png 768w\" sizes=\"auto, (max-width: 897px) 100vw, 897px\" \/><\/figure>\n\n\n\n<p>Quatro acidentes do tipo sa\u00edda de pista chamaram aten\u00e7\u00e3o nas estradas pr\u00f3ximas a Uni\u00e3o da Vit\u00f3ria e Cruz Machado entre a noite de s\u00e1bado (23) e o domingo (24). Felizmente, nenhum dos envolvidos ficou ferido.<\/p>\n\n\n\n<figure class=\"wp-block-image\" id=\"attachment_580412\"><a href=\"https:\/\/www.vvale.com.br\/transito\/quatro-acidentes-de-saida-de-pista-ocorrem-em-uniao-da-vitoria-e-cruz-machado\/attachment\/538873916_122192973206355431_1476798459248139102_n\/\"><img decoding=\"async\" src=\"https:\/\/static5.vvale.com.br\/wp-content\/uploads\/2025\/08\/538873916_122192973206355431_1476798459248139102_n-720x528.jpg\" alt=\"\" class=\"wp-image-580412\"\/><\/a><figcaption class=\"wp-element-caption\">(Foto: Assis, o rep\u00f3rter).<\/figcaption><\/figure>\n\n\n\n<p>O primeiro registro aconteceu na PR-447, km 22, em Uni\u00e3o da Vit\u00f3ria, quando um SUV Suzuki Grand Vitara, de Bituruna, deixou a pista. O motorista n\u00e3o sofreu nenhum ferimento e o ve\u00edculo foi recolhido apenas na manh\u00e3 seguinte.<\/p>\n\n\n\n<figure class=\"wp-block-image\" id=\"attachment_580409\"><a href=\"https:\/\/www.vvale.com.br\/transito\/quatro-acidentes-de-saida-de-pista-ocorrem-em-uniao-da-vitoria-e-cruz-machado\/attachment\/538711175_122192973164355431_7911189262330037797_n\/\"><img decoding=\"async\" src=\"https:\/\/static5.vvale.com.br\/wp-content\/uploads\/2025\/08\/538711175_122192973164355431_7911189262330037797_n-577x600.jpg\" alt=\"\" class=\"wp-image-580409\"\/><\/a><figcaption class=\"wp-element-caption\">(Foto: Assis, o rep\u00f3rter).<\/figcaption><\/figure>\n\n\n\n<figure class=\"wp-block-image size-full\"><img loading=\"lazy\" decoding=\"async\" width=\"897\" height=\"204\" src=\"https:\/\/radiostudiow.com.br\/site\/wp-content\/uploads\/2025\/05\/NUTRI-MALLET.png\" alt=\"\" class=\"wp-image-37813\" srcset=\"https:\/\/radiostudiow.com.br\/site\/wp-content\/uploads\/2025\/05\/NUTRI-MALLET.png 897w, https:\/\/radiostudiow.com.br\/site\/wp-content\/uploads\/2025\/05\/NUTRI-MALLET-300x68.png 300w, https:\/\/radiostudiow.com.br\/site\/wp-content\/uploads\/2025\/05\/NUTRI-MALLET-768x175.png 768w\" sizes=\"auto, (max-width: 897px) 100vw, 897px\" \/><\/figure>\n\n\n\n<p>No domingo, um Siena com placas de Uni\u00e3o da Vit\u00f3ria perdeu o controle na estrada geral da Linha Vit\u00f3ria, em Cruz Machado, terminando lateralizado em uma valeta. Entre os ocupantes estavam crian\u00e7as, que n\u00e3o se machucaram.<\/p>\n\n\n\n<figure class=\"wp-block-image\" id=\"attachment_580405\"><a href=\"https:\/\/www.vvale.com.br\/transito\/quatro-acidentes-de-saida-de-pista-ocorrem-em-uniao-da-vitoria-e-cruz-machado\/attachment\/538100331_18530020735057063_8623709343218698278_n\/\"><img decoding=\"async\" src=\"https:\/\/static5.vvale.com.br\/wp-content\/uploads\/2025\/08\/538100331_18530020735057063_8623709343218698278_n-720x589.jpeg\" alt=\"\" class=\"wp-image-580405\"\/><\/a><figcaption class=\"wp-element-caption\">(Foto: Assis, o rep\u00f3rter).<\/figcaption><\/figure>\n\n\n\n<p>Ainda em Cruz Machado, na localidade de Linha Palmital, um Fiat Palio Weekend tamb\u00e9m saiu da pista e acabou em uma valeta, sem causar ferimentos aos ocupantes.<\/p>\n\n\n\n<figure class=\"wp-block-image\" id=\"attachment_580406\"><a href=\"https:\/\/www.vvale.com.br\/transito\/quatro-acidentes-de-saida-de-pista-ocorrem-em-uniao-da-vitoria-e-cruz-machado\/attachment\/539298777_18530020744057063_2223541141408290729_n\/\"><img decoding=\"async\" src=\"https:\/\/static5.vvale.com.br\/wp-content\/uploads\/2025\/08\/539298777_18530020744057063_2223541141408290729_n-529x600.jpeg\" alt=\"\" class=\"wp-image-580406\"\/><\/a><figcaption class=\"wp-element-caption\">(Foto: Assis, o rep\u00f3rter).<\/figcaption><\/figure>\n\n\n\n<p>Em Uni\u00e3o da Vit\u00f3ria, no bairro S\u00e3o Sebasti\u00e3o, um Fiat Palio branco, de Joinville, quase despencou em um barranco ao sair da pista, mas os ocupantes conseguiram sair ilesos.<\/p>\n","protected":false},"excerpt":{"rendered":"<p>Quatro acidentes do tipo sa\u00edda de pista chamaram aten\u00e7\u00e3o nas estradas pr\u00f3ximas a Uni\u00e3o da Vit\u00f3ria e Cruz Machado entre a noite de s\u00e1bado (23) e o domingo (24). Felizmente, nenhum dos envolvidos ficou ferido. O primeiro registro aconteceu na PR-447, km 22, em Uni\u00e3o da Vit\u00f3ria, quando um SUV Suzuki Grand Vitara, de Bituruna, [&hellip;]<\/p>\n","protected":false},"author":2,"featured_media":41663,"comment_status":"open","ping_status":"open","sticky":false,"template":"","format":"standard","meta":{"footnotes":""},"categories":[185],"tags":[172],"class_list":["post-41662","post","type-post","status-publish","format-standard","has-post-thumbnail","hentry","category-regional","tag-featured"],"amp_enabled":true,"_links":{"self":[{"href":"https:\/\/radiostudiow.com.br\/site\/wp-json\/wp\/v2\/posts\/41662","targetHints":{"allow":["GET"]}}],"collection":[{"href":"https:\/\/radiostudiow.com.br\/site\/wp-json\/wp\/v2\/posts"}],"about":[{"href":"https:\/\/radiostudiow.com.br\/site\/wp-json\/wp\/v2\/types\/post"}],"author":[{"embeddable":true,"href":"https:\/\/radiostudiow.com.br\/site\/wp-json\/wp\/v2\/users\/2"}],"replies":[{"embeddable":true,"href":"https:\/\/radiostudiow.com.br\/site\/wp-json\/wp\/v2\/comments?post=41662"}],"version-history":[{"count":1,"href":"https:\/\/radiostudiow.com.br\/site\/wp-json\/wp\/v2\/posts\/41662\/revisions"}],"predecessor-version":[{"id":41664,"href":"https:\/\/radiostudiow.com.br\/site\/wp-json\/wp\/v2\/posts\/41662\/revisions\/41664"}],"wp:featuredmedia":[{"embeddable":true,"href":"https:\/\/radiostudiow.com.br\/site\/wp-json\/wp\/v2\/media\/41663"}],"wp:attachment":[{"href":"https:\/\/radiostudiow.com.br\/site\/wp-json\/wp\/v2\/media?parent=41662"}],"wp:term":[{"taxonomy":"category","embeddable":true,"href":"https:\/\/radiostudiow.com.br\/site\/wp-json\/wp\/v2\/categories?post=41662"},{"taxonomy":"post_tag","embeddable":true,"href":"https:\/\/radiostudiow.com.br\/site\/wp-json\/wp\/v2\/tags?post=41662"}],"curies":[{"name":"wp","href":"https:\/\/api.w.org\/{rel}","templated":true}]}}