{"id":41665,"date":"2025-08-25T11:52:45","date_gmt":"2025-08-25T14:52:45","guid":{"rendered":"https:\/\/radiostudiow.com.br\/site\/?p=41665"},"modified":"2025-08-25T11:53:30","modified_gmt":"2025-08-25T14:53:30","slug":"acidente-na-br-373-com-veiculo-de-uniao-da-vitoria-deixa-um-morto-e-dois-feridos","status":"publish","type":"post","link":"https:\/\/radiostudiow.com.br\/site\/2025\/08\/25\/acidente-na-br-373-com-veiculo-de-uniao-da-vitoria-deixa-um-morto-e-dois-feridos\/","title":{"rendered":"Acidente com ve\u00edculo de Uni\u00e3o da Vit\u00f3ria deixa um morto e dois feridos"},"content":{"rendered":"\n<figure class=\"wp-block-image size-full\"><img loading=\"lazy\" decoding=\"async\" width=\"897\" height=\"204\" src=\"https:\/\/radiostudiow.com.br\/site\/wp-content\/uploads\/2025\/01\/SITE-GRANDE3.png\" alt=\"\" class=\"wp-image-32900\" srcset=\"https:\/\/radiostudiow.com.br\/site\/wp-content\/uploads\/2025\/01\/SITE-GRANDE3.png 897w, https:\/\/radiostudiow.com.br\/site\/wp-content\/uploads\/2025\/01\/SITE-GRANDE3-300x68.png 300w, https:\/\/radiostudiow.com.br\/site\/wp-content\/uploads\/2025\/01\/SITE-GRANDE3-768x175.png 768w\" sizes=\"auto, (max-width: 897px) 100vw, 897px\" \/><\/figure>\n\n\n\n<p>Um grave acidente foi registrado no km 204,6 da\u00a0BR-373, em\u00a0Ipiranga.<\/p>\n\n\n\n<p>A colis\u00e3o frontal envolveu uma\u00a0Fiat Strada, de Uni\u00e3o da Vit\u00f3ria, e uma\u00a0Renault Duster, de Ponta Grossa por volta das 11 horas deste domingo (24).<\/p>\n\n\n\n<p>O motorista da Strada identificado como\u00a0Edilson Pchebela, de 48 anos, n\u00e3o resistiu aos ferimentos e morreu ainda no local. <em>O corpo da v\u00edtima dever\u00e1 ser sepultado em Irine\u00f3polis. <\/em><\/p>\n\n\n\n<p>Os dois ocupantes da Duster sofreram ferimentos graves, sendo socorridos pelas equipes de emerg\u00eancia e encaminhados ao\u00a0Hospital Unimed de Ponta Grossa.<\/p>\n\n\n\n<p><strong>As causas do acidente ser\u00e3o apuradas pelas autoridades competentes.<\/strong><\/p>\n\n\n\n<figure class=\"wp-block-image size-full\"><img loading=\"lazy\" decoding=\"async\" width=\"598\" height=\"204\" src=\"https:\/\/radiostudiow.com.br\/site\/wp-content\/uploads\/2024\/10\/labirati.png\" alt=\"\" class=\"wp-image-28854\" srcset=\"https:\/\/radiostudiow.com.br\/site\/wp-content\/uploads\/2024\/10\/labirati.png 598w, https:\/\/radiostudiow.com.br\/site\/wp-content\/uploads\/2024\/10\/labirati-300x102.png 300w\" sizes=\"auto, (max-width: 598px) 100vw, 598px\" \/><\/figure>\n\n\n\n<figure class=\"wp-block-image size-full\"><img loading=\"lazy\" decoding=\"async\" width=\"720\" height=\"478\" src=\"https:\/\/radiostudiow.com.br\/site\/wp-content\/uploads\/2025\/08\/image-88.png\" alt=\"\" class=\"wp-image-41666\" srcset=\"https:\/\/radiostudiow.com.br\/site\/wp-content\/uploads\/2025\/08\/image-88.png 720w, https:\/\/radiostudiow.com.br\/site\/wp-content\/uploads\/2025\/08\/image-88-300x199.png 300w\" sizes=\"auto, (max-width: 720px) 100vw, 720px\" \/><\/figure>\n","protected":false},"excerpt":{"rendered":"<p>Um grave acidente foi registrado no km 204,6 da\u00a0BR-373, em\u00a0Ipiranga. A colis\u00e3o frontal envolveu uma\u00a0Fiat Strada, de Uni\u00e3o da Vit\u00f3ria, e uma\u00a0Renault Duster, de Ponta Grossa por volta das 11 horas deste domingo (24). O motorista da Strada identificado como\u00a0Edilson Pchebela, de 48 anos, n\u00e3o resistiu aos ferimentos e morreu ainda no local. O corpo [&hellip;]<\/p>\n","protected":false},"author":2,"featured_media":41667,"comment_status":"open","ping_status":"open","sticky":false,"template":"","format":"standard","meta":{"footnotes":""},"categories":[185],"tags":[172],"class_list":["post-41665","post","type-post","status-publish","format-standard","has-post-thumbnail","hentry","category-regional","tag-featured"],"amp_enabled":true,"_links":{"self":[{"href":"https:\/\/radiostudiow.com.br\/site\/wp-json\/wp\/v2\/posts\/41665","targetHints":{"allow":["GET"]}}],"collection":[{"href":"https:\/\/radiostudiow.com.br\/site\/wp-json\/wp\/v2\/posts"}],"about":[{"href":"https:\/\/radiostudiow.com.br\/site\/wp-json\/wp\/v2\/types\/post"}],"author":[{"embeddable":true,"href":"https:\/\/radiostudiow.com.br\/site\/wp-json\/wp\/v2\/users\/2"}],"replies":[{"embeddable":true,"href":"https:\/\/radiostudiow.com.br\/site\/wp-json\/wp\/v2\/comments?post=41665"}],"version-history":[{"count":2,"href":"https:\/\/radiostudiow.com.br\/site\/wp-json\/wp\/v2\/posts\/41665\/revisions"}],"predecessor-version":[{"id":41669,"href":"https:\/\/radiostudiow.com.br\/site\/wp-json\/wp\/v2\/posts\/41665\/revisions\/41669"}],"wp:featuredmedia":[{"embeddable":true,"href":"https:\/\/radiostudiow.com.br\/site\/wp-json\/wp\/v2\/media\/41667"}],"wp:attachment":[{"href":"https:\/\/radiostudiow.com.br\/site\/wp-json\/wp\/v2\/media?parent=41665"}],"wp:term":[{"taxonomy":"category","embeddable":true,"href":"https:\/\/radiostudiow.com.br\/site\/wp-json\/wp\/v2\/categories?post=41665"},{"taxonomy":"post_tag","embeddable":true,"href":"https:\/\/radiostudiow.com.br\/site\/wp-json\/wp\/v2\/tags?post=41665"}],"curies":[{"name":"wp","href":"https:\/\/api.w.org\/{rel}","templated":true}]}}