{"id":41670,"date":"2025-08-25T11:59:16","date_gmt":"2025-08-25T14:59:16","guid":{"rendered":"https:\/\/radiostudiow.com.br\/site\/?p=41670"},"modified":"2025-08-25T11:59:17","modified_gmt":"2025-08-25T14:59:17","slug":"policia-militar-de-mallet-atende-ocorrencia-de-violencia-domestica-neste-domingo","status":"publish","type":"post","link":"https:\/\/radiostudiow.com.br\/site\/2025\/08\/25\/policia-militar-de-mallet-atende-ocorrencia-de-violencia-domestica-neste-domingo\/","title":{"rendered":"Pol\u00edcia Militar de Mallet atende ocorr\u00eancia de viol\u00eancia dom\u00e9stica neste domingo"},"content":{"rendered":"\n<p>O fato ocorreu no inicio da noite deste domingo (24), por volta das 18h, quando a Pol\u00edcia Militar de Mallet foi acionada para atender uma ocorr\u00eancia de viol\u00eancia dom\u00e9stica no centro da cidade.<\/p>\n\n\n\n<p>De acordo com o boletim policial, a situa\u00e7\u00e3o teria come\u00e7ado ap\u00f3s uma discuss\u00e3o familiar que evoluiu para agress\u00f5es f\u00edsicas. Uma jovem e o namorado relataram terem sido agredidos por uma parente dentro da resid\u00eancia.<\/p>\n\n\n\n<figure class=\"wp-block-image size-full\"><img loading=\"lazy\" decoding=\"async\" width=\"598\" height=\"204\" src=\"https:\/\/radiostudiow.com.br\/site\/wp-content\/uploads\/2025\/05\/POLAK.png\" alt=\"\" class=\"wp-image-37847\" srcset=\"https:\/\/radiostudiow.com.br\/site\/wp-content\/uploads\/2025\/05\/POLAK.png 598w, https:\/\/radiostudiow.com.br\/site\/wp-content\/uploads\/2025\/05\/POLAK-300x102.png 300w\" sizes=\"auto, (max-width: 598px) 100vw, 598px\" \/><\/figure>\n\n\n\n<p><\/p>\n\n\n\n<p>No entanto, a outra parte envolvida apresentou uma vers\u00e3o diferente, alegando tamb\u00e9m ter sido v\u00edtima de agress\u00f5es e ofensas.<\/p>\n\n\n\n<p>Diante da diverg\u00eancia de informa\u00e7\u00f5es e da gravidade da situa\u00e7\u00e3o, o Conselho Tutelar foi acionado para acompanhar o caso. Todos os envolvidos foram encaminhados \u00e0 Delegacia de Pol\u00edcia Civil de Uni\u00e3o da Vit\u00f3ria, onde a ocorr\u00eancia ficou \u00e0 disposi\u00e7\u00e3o da autoridade policial para as devidas provid\u00eancias.<\/p>\n\n\n\n<figure class=\"wp-block-image size-large is-resized\"><img loading=\"lazy\" decoding=\"async\" width=\"1024\" height=\"614\" src=\"https:\/\/radiostudiow.com.br\/site\/wp-content\/uploads\/2025\/05\/5914fcac-c2b4-4795-a120-dc162c4a6466-1024x614.jpg\" alt=\"\" class=\"wp-image-38784\" style=\"width:387px;height:auto\" srcset=\"https:\/\/radiostudiow.com.br\/site\/wp-content\/uploads\/2025\/05\/5914fcac-c2b4-4795-a120-dc162c4a6466-1024x614.jpg 1024w, https:\/\/radiostudiow.com.br\/site\/wp-content\/uploads\/2025\/05\/5914fcac-c2b4-4795-a120-dc162c4a6466-300x180.jpg 300w, https:\/\/radiostudiow.com.br\/site\/wp-content\/uploads\/2025\/05\/5914fcac-c2b4-4795-a120-dc162c4a6466-768x460.jpg 768w, https:\/\/radiostudiow.com.br\/site\/wp-content\/uploads\/2025\/05\/5914fcac-c2b4-4795-a120-dc162c4a6466-1536x921.jpg 1536w, https:\/\/radiostudiow.com.br\/site\/wp-content\/uploads\/2025\/05\/5914fcac-c2b4-4795-a120-dc162c4a6466-1000x600.jpg 1000w, https:\/\/radiostudiow.com.br\/site\/wp-content\/uploads\/2025\/05\/5914fcac-c2b4-4795-a120-dc162c4a6466-590x354.jpg 590w, https:\/\/radiostudiow.com.br\/site\/wp-content\/uploads\/2025\/05\/5914fcac-c2b4-4795-a120-dc162c4a6466-400x240.jpg 400w, https:\/\/radiostudiow.com.br\/site\/wp-content\/uploads\/2025\/05\/5914fcac-c2b4-4795-a120-dc162c4a6466.jpg 1600w\" sizes=\"auto, (max-width: 1024px) 100vw, 1024px\" \/><\/figure>\n","protected":false},"excerpt":{"rendered":"<p>O fato ocorreu no inicio da noite deste domingo (24), por volta das 18h, quando a Pol\u00edcia Militar de Mallet foi acionada para atender uma ocorr\u00eancia de viol\u00eancia dom\u00e9stica no centro da cidade. De acordo com o boletim policial, a situa\u00e7\u00e3o teria come\u00e7ado ap\u00f3s uma discuss\u00e3o familiar que evoluiu para agress\u00f5es f\u00edsicas. Uma jovem e [&hellip;]<\/p>\n","protected":false},"author":2,"featured_media":17329,"comment_status":"open","ping_status":"open","sticky":false,"template":"","format":"standard","meta":{"footnotes":""},"categories":[2],"tags":[172],"class_list":["post-41670","post","type-post","status-publish","format-standard","has-post-thumbnail","hentry","category-policial","tag-featured"],"amp_enabled":true,"_links":{"self":[{"href":"https:\/\/radiostudiow.com.br\/site\/wp-json\/wp\/v2\/posts\/41670","targetHints":{"allow":["GET"]}}],"collection":[{"href":"https:\/\/radiostudiow.com.br\/site\/wp-json\/wp\/v2\/posts"}],"about":[{"href":"https:\/\/radiostudiow.com.br\/site\/wp-json\/wp\/v2\/types\/post"}],"author":[{"embeddable":true,"href":"https:\/\/radiostudiow.com.br\/site\/wp-json\/wp\/v2\/users\/2"}],"replies":[{"embeddable":true,"href":"https:\/\/radiostudiow.com.br\/site\/wp-json\/wp\/v2\/comments?post=41670"}],"version-history":[{"count":1,"href":"https:\/\/radiostudiow.com.br\/site\/wp-json\/wp\/v2\/posts\/41670\/revisions"}],"predecessor-version":[{"id":41671,"href":"https:\/\/radiostudiow.com.br\/site\/wp-json\/wp\/v2\/posts\/41670\/revisions\/41671"}],"wp:featuredmedia":[{"embeddable":true,"href":"https:\/\/radiostudiow.com.br\/site\/wp-json\/wp\/v2\/media\/17329"}],"wp:attachment":[{"href":"https:\/\/radiostudiow.com.br\/site\/wp-json\/wp\/v2\/media?parent=41670"}],"wp:term":[{"taxonomy":"category","embeddable":true,"href":"https:\/\/radiostudiow.com.br\/site\/wp-json\/wp\/v2\/categories?post=41670"},{"taxonomy":"post_tag","embeddable":true,"href":"https:\/\/radiostudiow.com.br\/site\/wp-json\/wp\/v2\/tags?post=41670"}],"curies":[{"name":"wp","href":"https:\/\/api.w.org\/{rel}","templated":true}]}}