{"id":41676,"date":"2025-08-25T16:24:25","date_gmt":"2025-08-25T19:24:25","guid":{"rendered":"https:\/\/radiostudiow.com.br\/site\/?p=41676"},"modified":"2025-08-25T16:24:25","modified_gmt":"2025-08-25T19:24:25","slug":"video-carro-capota-e-pedestre-quase-e-atropelado-em-irati","status":"publish","type":"post","link":"https:\/\/radiostudiow.com.br\/site\/2025\/08\/25\/video-carro-capota-e-pedestre-quase-e-atropelado-em-irati\/","title":{"rendered":"V\u00cdDEO: Carro capota e pedestre quase \u00e9 atropelado em Irati"},"content":{"rendered":"\n<p>Um acidente chamou a aten\u00e7\u00e3o no centro de Irati. Um ve\u00edculo de cor cinza capotou ap\u00f3s ultrapassar em alta velocidade o sinal no cruzamento das ruas Coronel Em\u00edlio Gomes e XV de Julho, nas proximidades do Restaurante Italiano e da Afubra na manh\u00e3 desta segunda-feira (25).<\/p>\n\n\n\n<p>O carro colidiu contra outro autom\u00f3vel branco que seguia no sentido do banco Ita\u00fa para o centro da cidade. No momento do impacto, um pedestre que atravessava a via quase foi atingido.<\/p>\n\n\n\n<figure class=\"wp-block-image size-full\"><img loading=\"lazy\" decoding=\"async\" width=\"598\" height=\"204\" src=\"https:\/\/radiostudiow.com.br\/site\/wp-content\/uploads\/2025\/01\/SITE-MEDIO7.png\" alt=\"\" class=\"wp-image-32801\" srcset=\"https:\/\/radiostudiow.com.br\/site\/wp-content\/uploads\/2025\/01\/SITE-MEDIO7.png 598w, https:\/\/radiostudiow.com.br\/site\/wp-content\/uploads\/2025\/01\/SITE-MEDIO7-300x102.png 300w\" sizes=\"auto, (max-width: 598px) 100vw, 598px\" \/><\/figure>\n\n\n\n<p>Com a colis\u00e3o, o carro cinza capotou e parou com as quatro rodas para cima. Segundo informa\u00e7\u00f5es, o motorista do ve\u00edculo que capotou era de S\u00e3o Paulo e n\u00e3o ficou ferido.<\/p>\n\n\n\n<p>O v\u00eddeo do momento do acidente pode ser conferido abaixo, mostrando o capotamento e a situa\u00e7\u00e3o de risco para o pedestre que passava pelo local.<\/p>\n\n\n\n<figure class=\"wp-block-video\"><video height=\"480\" style=\"aspect-ratio: 848 \/ 480;\" width=\"848\" controls src=\"https:\/\/radiostudiow.com.br\/site\/wp-content\/uploads\/2025\/08\/Video-do-WhatsApp-de-2025-08-25-as-14.49.50_e28e9116-1.mp4\"><\/video><figcaption class=\"wp-element-caption\"><em>V\u00eddeo: Reprodu\u00e7\u00e3o<br><\/em><br><br><br><\/figcaption><\/figure>\n","protected":false},"excerpt":{"rendered":"<p>Um acidente chamou a aten\u00e7\u00e3o no centro de Irati. Um ve\u00edculo de cor cinza capotou ap\u00f3s ultrapassar em alta velocidade o sinal no cruzamento das ruas Coronel Em\u00edlio Gomes e XV de Julho, nas proximidades do Restaurante Italiano e da Afubra na manh\u00e3 desta segunda-feira (25). O carro colidiu contra outro autom\u00f3vel branco que seguia [&hellip;]<\/p>\n","protected":false},"author":2,"featured_media":41678,"comment_status":"open","ping_status":"open","sticky":false,"template":"","format":"standard","meta":{"footnotes":""},"categories":[185],"tags":[172],"class_list":["post-41676","post","type-post","status-publish","format-standard","has-post-thumbnail","hentry","category-regional","tag-featured"],"amp_enabled":true,"_links":{"self":[{"href":"https:\/\/radiostudiow.com.br\/site\/wp-json\/wp\/v2\/posts\/41676","targetHints":{"allow":["GET"]}}],"collection":[{"href":"https:\/\/radiostudiow.com.br\/site\/wp-json\/wp\/v2\/posts"}],"about":[{"href":"https:\/\/radiostudiow.com.br\/site\/wp-json\/wp\/v2\/types\/post"}],"author":[{"embeddable":true,"href":"https:\/\/radiostudiow.com.br\/site\/wp-json\/wp\/v2\/users\/2"}],"replies":[{"embeddable":true,"href":"https:\/\/radiostudiow.com.br\/site\/wp-json\/wp\/v2\/comments?post=41676"}],"version-history":[{"count":1,"href":"https:\/\/radiostudiow.com.br\/site\/wp-json\/wp\/v2\/posts\/41676\/revisions"}],"predecessor-version":[{"id":41679,"href":"https:\/\/radiostudiow.com.br\/site\/wp-json\/wp\/v2\/posts\/41676\/revisions\/41679"}],"wp:featuredmedia":[{"embeddable":true,"href":"https:\/\/radiostudiow.com.br\/site\/wp-json\/wp\/v2\/media\/41678"}],"wp:attachment":[{"href":"https:\/\/radiostudiow.com.br\/site\/wp-json\/wp\/v2\/media?parent=41676"}],"wp:term":[{"taxonomy":"category","embeddable":true,"href":"https:\/\/radiostudiow.com.br\/site\/wp-json\/wp\/v2\/categories?post=41676"},{"taxonomy":"post_tag","embeddable":true,"href":"https:\/\/radiostudiow.com.br\/site\/wp-json\/wp\/v2\/tags?post=41676"}],"curies":[{"name":"wp","href":"https:\/\/api.w.org\/{rel}","templated":true}]}}