{"id":41680,"date":"2025-08-25T16:42:36","date_gmt":"2025-08-25T19:42:36","guid":{"rendered":"https:\/\/radiostudiow.com.br\/site\/?p=41680"},"modified":"2025-08-25T16:42:36","modified_gmt":"2025-08-25T19:42:36","slug":"carreta-tomba-na-pr-364-em-sao-mateus-do-sul","status":"publish","type":"post","link":"https:\/\/radiostudiow.com.br\/site\/2025\/08\/25\/carreta-tomba-na-pr-364-em-sao-mateus-do-sul\/","title":{"rendered":"Carreta tomba na PR-364 em S\u00e3o Mateus do Sul"},"content":{"rendered":"\n<p>As equipes de socorro de S\u00e3o Mateus do Sul se mobilizaram ap\u00f3s uma carreta tombar ap\u00f3s o motorista perder o controle da dire\u00e7\u00e3o em uma curva na rodovia, PR-364, por volta das 23 horas desse s\u00e1bado (23).<\/p>\n\n\n\n<figure class=\"wp-block-gallery has-nested-images columns-default is-cropped wp-block-gallery-1 is-layout-flex wp-block-gallery-is-layout-flex\">\n<figure class=\"wp-block-image size-large\"><img loading=\"lazy\" decoding=\"async\" width=\"300\" height=\"180\" data-id=\"38014\" src=\"https:\/\/radiostudiow.com.br\/site\/wp-content\/uploads\/2025\/05\/VANE.png\" alt=\"\" class=\"wp-image-38014\"\/><\/figure>\n\n\n\n<figure class=\"wp-block-image size-large\"><img loading=\"lazy\" decoding=\"async\" width=\"300\" height=\"180\" data-id=\"40603\" src=\"https:\/\/radiostudiow.com.br\/site\/wp-content\/uploads\/2025\/07\/nacionalgas.png\" alt=\"\" class=\"wp-image-40603\"\/><\/figure>\n<\/figure>\n\n\n\n<p>Duas pessoas estavam no ve\u00edculo no momento do acidente. Uma das v\u00edtimas conseguiu sair sozinha e caminhava \u00e0s margens da pista quando foi atendida. J\u00e1 a outra ficou presa \u00e0s ferragens e precisou ser retirada pelos bombeiros com aux\u00edlio do equipamento de resgate.<\/p>\n\n\n\n<p>As duas foram encaminhadas ao pronto atendimento pelo SAMU. O estado de sa\u00fade n\u00e3o foi detalhado.<\/p>\n","protected":false},"excerpt":{"rendered":"<p>As equipes de socorro de S\u00e3o Mateus do Sul se mobilizaram ap\u00f3s uma carreta tombar ap\u00f3s o motorista perder o controle da dire\u00e7\u00e3o em uma curva na rodovia, PR-364, por volta das 23 horas desse s\u00e1bado (23). Duas pessoas estavam no ve\u00edculo no momento do acidente. Uma das v\u00edtimas conseguiu sair sozinha e caminhava \u00e0s [&hellip;]<\/p>\n","protected":false},"author":2,"featured_media":41681,"comment_status":"open","ping_status":"open","sticky":false,"template":"","format":"standard","meta":{"footnotes":""},"categories":[185],"tags":[172],"class_list":["post-41680","post","type-post","status-publish","format-standard","has-post-thumbnail","hentry","category-regional","tag-featured"],"amp_enabled":true,"_links":{"self":[{"href":"https:\/\/radiostudiow.com.br\/site\/wp-json\/wp\/v2\/posts\/41680","targetHints":{"allow":["GET"]}}],"collection":[{"href":"https:\/\/radiostudiow.com.br\/site\/wp-json\/wp\/v2\/posts"}],"about":[{"href":"https:\/\/radiostudiow.com.br\/site\/wp-json\/wp\/v2\/types\/post"}],"author":[{"embeddable":true,"href":"https:\/\/radiostudiow.com.br\/site\/wp-json\/wp\/v2\/users\/2"}],"replies":[{"embeddable":true,"href":"https:\/\/radiostudiow.com.br\/site\/wp-json\/wp\/v2\/comments?post=41680"}],"version-history":[{"count":1,"href":"https:\/\/radiostudiow.com.br\/site\/wp-json\/wp\/v2\/posts\/41680\/revisions"}],"predecessor-version":[{"id":41682,"href":"https:\/\/radiostudiow.com.br\/site\/wp-json\/wp\/v2\/posts\/41680\/revisions\/41682"}],"wp:featuredmedia":[{"embeddable":true,"href":"https:\/\/radiostudiow.com.br\/site\/wp-json\/wp\/v2\/media\/41681"}],"wp:attachment":[{"href":"https:\/\/radiostudiow.com.br\/site\/wp-json\/wp\/v2\/media?parent=41680"}],"wp:term":[{"taxonomy":"category","embeddable":true,"href":"https:\/\/radiostudiow.com.br\/site\/wp-json\/wp\/v2\/categories?post=41680"},{"taxonomy":"post_tag","embeddable":true,"href":"https:\/\/radiostudiow.com.br\/site\/wp-json\/wp\/v2\/tags?post=41680"}],"curies":[{"name":"wp","href":"https:\/\/api.w.org\/{rel}","templated":true}]}}