{"id":41683,"date":"2025-08-25T18:12:29","date_gmt":"2025-08-25T21:12:29","guid":{"rendered":"https:\/\/radiostudiow.com.br\/site\/?p=41683"},"modified":"2025-08-25T18:12:29","modified_gmt":"2025-08-25T21:12:29","slug":"motociclista-que-sofreu-acidente-no-interior-de-sao-mateus-do-sul-morreu-apos-cinco-dias-internado","status":"publish","type":"post","link":"https:\/\/radiostudiow.com.br\/site\/2025\/08\/25\/motociclista-que-sofreu-acidente-no-interior-de-sao-mateus-do-sul-morreu-apos-cinco-dias-internado\/","title":{"rendered":"Motociclista que sofreu acidente no interior de S\u00e3o Mateus do Sul morreu ap\u00f3s cinco dias internado"},"content":{"rendered":"\n<p>Um grave acidente de motocicleta registrado na noite da \u00faltima no dia 20 de agosto, na localidade de Faxinal dos Elias, interior de S\u00e3o Mateus do Sul,\u00a0resultou na morte de <strong>J\u00falio Kwiatkowski Junior, de 29 anos, conhecido carinhosamente como\u00a0Junior\u00a0ou\u00a0Juninho.<\/strong><\/p>\n\n\n\n<p>Na ocasi\u00e3o, equipes de resgate foram acionadas e a v\u00edtima recebeu os primeiros atendimentos ainda no local. O jovem j\u00e1 estava sendo assistido pela equipe Alfa do SAMU quando os bombeiros chegaram para dar apoio \u00e0 ocorr\u00eancia.<\/p>\n\n\n\n<figure class=\"wp-block-image size-full\"><img loading=\"lazy\" decoding=\"async\" width=\"897\" height=\"204\" src=\"https:\/\/radiostudiow.com.br\/site\/wp-content\/uploads\/2025\/05\/NUTRI-MALLET.png\" alt=\"\" class=\"wp-image-37813\" srcset=\"https:\/\/radiostudiow.com.br\/site\/wp-content\/uploads\/2025\/05\/NUTRI-MALLET.png 897w, https:\/\/radiostudiow.com.br\/site\/wp-content\/uploads\/2025\/05\/NUTRI-MALLET-300x68.png 300w, https:\/\/radiostudiow.com.br\/site\/wp-content\/uploads\/2025\/05\/NUTRI-MALLET-768x175.png 768w\" sizes=\"auto, (max-width: 897px) 100vw, 897px\" \/><\/figure>\n\n\n\n<p>Devido \u00e0 gravidade dos ferimentos, foi necess\u00e1rio estabiliz\u00e1-lo antes do transporte ao hospital em Uni\u00e3o da Vit\u00f3ria. Posteriormente, ele foi transferido para o Hospital de Campo Largo, onde permaneceu internado.<\/p>\n\n\n\n<p>Ap\u00f3s cinco dias de luta pela vida, J\u00falio n\u00e3o resistiu aos ferimentos.\u00a0O corpo ser\u00e1 trasladado para S\u00e3o Mateus do Sul, onde a cerim\u00f4nia de despedida acontece no pavilh\u00e3o da igreja da comunidade de Faxinal dos Elias, com in\u00edcio previsto para as 22h30min desta segunda-feira (25). O sepultamento ser\u00e1 realizado amanh\u00e3 (26), no cemit\u00e9rio de Turvo de Baixo, em hor\u00e1rio a ser definido pela fam\u00edlia.<\/p>\n","protected":false},"excerpt":{"rendered":"<p>Um grave acidente de motocicleta registrado na noite da \u00faltima no dia 20 de agosto, na localidade de Faxinal dos Elias, interior de S\u00e3o Mateus do Sul,\u00a0resultou na morte de J\u00falio Kwiatkowski Junior, de 29 anos, conhecido carinhosamente como\u00a0Junior\u00a0ou\u00a0Juninho. Na ocasi\u00e3o, equipes de resgate foram acionadas e a v\u00edtima recebeu os primeiros atendimentos ainda no [&hellip;]<\/p>\n","protected":false},"author":2,"featured_media":41685,"comment_status":"open","ping_status":"open","sticky":false,"template":"","format":"standard","meta":{"footnotes":""},"categories":[185],"tags":[172],"class_list":["post-41683","post","type-post","status-publish","format-standard","has-post-thumbnail","hentry","category-regional","tag-featured"],"amp_enabled":true,"_links":{"self":[{"href":"https:\/\/radiostudiow.com.br\/site\/wp-json\/wp\/v2\/posts\/41683","targetHints":{"allow":["GET"]}}],"collection":[{"href":"https:\/\/radiostudiow.com.br\/site\/wp-json\/wp\/v2\/posts"}],"about":[{"href":"https:\/\/radiostudiow.com.br\/site\/wp-json\/wp\/v2\/types\/post"}],"author":[{"embeddable":true,"href":"https:\/\/radiostudiow.com.br\/site\/wp-json\/wp\/v2\/users\/2"}],"replies":[{"embeddable":true,"href":"https:\/\/radiostudiow.com.br\/site\/wp-json\/wp\/v2\/comments?post=41683"}],"version-history":[{"count":2,"href":"https:\/\/radiostudiow.com.br\/site\/wp-json\/wp\/v2\/posts\/41683\/revisions"}],"predecessor-version":[{"id":41702,"href":"https:\/\/radiostudiow.com.br\/site\/wp-json\/wp\/v2\/posts\/41683\/revisions\/41702"}],"wp:featuredmedia":[{"embeddable":true,"href":"https:\/\/radiostudiow.com.br\/site\/wp-json\/wp\/v2\/media\/41685"}],"wp:attachment":[{"href":"https:\/\/radiostudiow.com.br\/site\/wp-json\/wp\/v2\/media?parent=41683"}],"wp:term":[{"taxonomy":"category","embeddable":true,"href":"https:\/\/radiostudiow.com.br\/site\/wp-json\/wp\/v2\/categories?post=41683"},{"taxonomy":"post_tag","embeddable":true,"href":"https:\/\/radiostudiow.com.br\/site\/wp-json\/wp\/v2\/tags?post=41683"}],"curies":[{"name":"wp","href":"https:\/\/api.w.org\/{rel}","templated":true}]}}