{"id":41687,"date":"2025-08-25T16:49:56","date_gmt":"2025-08-25T19:49:56","guid":{"rendered":"https:\/\/radiostudiow.com.br\/site\/?p=41687"},"modified":"2025-08-25T16:49:57","modified_gmt":"2025-08-25T19:49:57","slug":"homem-e-preso-por-furto-e-ferramentas-furtadas-sao-recuperadas-pela-policia-em-sao-mateus-do-sul","status":"publish","type":"post","link":"https:\/\/radiostudiow.com.br\/site\/2025\/08\/25\/homem-e-preso-por-furto-e-ferramentas-furtadas-sao-recuperadas-pela-policia-em-sao-mateus-do-sul\/","title":{"rendered":"Homem \u00e9 preso por furto e ferramentas furtadas s\u00e3o recuperadas pela pol\u00edcia em S\u00e3o Mateus do Sul"},"content":{"rendered":"\n<p>Durante patrulhamento da equipe da Pol\u00edcia Militar de S\u00e3o Mateus do Sul avistaram um indiv\u00edduo em atitude suspeite, o qual ao perceber a viatura, dispensou um objeto que estava carregando e empreendeu fuga do local.<\/p>\n\n\n\n<p>A situa\u00e7\u00e3o ocorreu por volta das 16h51min desse domingo, 24 de agosto, na \u00e1rea central da cidade.<\/p>\n\n\n\n<figure class=\"wp-block-image size-full\"><img loading=\"lazy\" decoding=\"async\" width=\"598\" height=\"204\" src=\"https:\/\/radiostudiow.com.br\/site\/wp-content\/uploads\/2025\/04\/BOROX.png\" alt=\"\" class=\"wp-image-37229\" srcset=\"https:\/\/radiostudiow.com.br\/site\/wp-content\/uploads\/2025\/04\/BOROX.png 598w, https:\/\/radiostudiow.com.br\/site\/wp-content\/uploads\/2025\/04\/BOROX-300x102.png 300w\" sizes=\"auto, (max-width: 598px) 100vw, 598px\" \/><\/figure>\n\n\n\n<p>O fugitivo foi abordado nas proximidades e logo ap\u00f3s, foi constatado que o objeto dispensado por<br>este, tratava-se de uma serra eletrica da marca \u201cMakita\u201d. Questionado, o indiv\u00edduo confessou que<br>se tratava de produto de furto.<\/p>\n\n\n\n<p>Foi localizada a v\u00edtima do crime em quest\u00e3o, a qual relatou que o cadeado do galp\u00e3o de sua obra havia sido rompido e diversos objetos foram furtados. Ap\u00f3s dilig\u00eancias foi encontrado o restante do material subtra\u00eddo.<\/p>\n\n\n\n<p>O autor do crime e os objetos recuperados foram encaminhados para a Delegacia de Pol\u00edcia Civil para as provid\u00eancias legais.<\/p>\n","protected":false},"excerpt":{"rendered":"<p>Durante patrulhamento da equipe da Pol\u00edcia Militar de S\u00e3o Mateus do Sul avistaram um indiv\u00edduo em atitude suspeite, o qual ao perceber a viatura, dispensou um objeto que estava carregando e empreendeu fuga do local. A situa\u00e7\u00e3o ocorreu por volta das 16h51min desse domingo, 24 de agosto, na \u00e1rea central da cidade. O fugitivo foi [&hellip;]<\/p>\n","protected":false},"author":2,"featured_media":41688,"comment_status":"open","ping_status":"open","sticky":false,"template":"","format":"standard","meta":{"footnotes":""},"categories":[2],"tags":[172],"class_list":["post-41687","post","type-post","status-publish","format-standard","has-post-thumbnail","hentry","category-policial","tag-featured"],"amp_enabled":true,"_links":{"self":[{"href":"https:\/\/radiostudiow.com.br\/site\/wp-json\/wp\/v2\/posts\/41687","targetHints":{"allow":["GET"]}}],"collection":[{"href":"https:\/\/radiostudiow.com.br\/site\/wp-json\/wp\/v2\/posts"}],"about":[{"href":"https:\/\/radiostudiow.com.br\/site\/wp-json\/wp\/v2\/types\/post"}],"author":[{"embeddable":true,"href":"https:\/\/radiostudiow.com.br\/site\/wp-json\/wp\/v2\/users\/2"}],"replies":[{"embeddable":true,"href":"https:\/\/radiostudiow.com.br\/site\/wp-json\/wp\/v2\/comments?post=41687"}],"version-history":[{"count":1,"href":"https:\/\/radiostudiow.com.br\/site\/wp-json\/wp\/v2\/posts\/41687\/revisions"}],"predecessor-version":[{"id":41689,"href":"https:\/\/radiostudiow.com.br\/site\/wp-json\/wp\/v2\/posts\/41687\/revisions\/41689"}],"wp:featuredmedia":[{"embeddable":true,"href":"https:\/\/radiostudiow.com.br\/site\/wp-json\/wp\/v2\/media\/41688"}],"wp:attachment":[{"href":"https:\/\/radiostudiow.com.br\/site\/wp-json\/wp\/v2\/media?parent=41687"}],"wp:term":[{"taxonomy":"category","embeddable":true,"href":"https:\/\/radiostudiow.com.br\/site\/wp-json\/wp\/v2\/categories?post=41687"},{"taxonomy":"post_tag","embeddable":true,"href":"https:\/\/radiostudiow.com.br\/site\/wp-json\/wp\/v2\/tags?post=41687"}],"curies":[{"name":"wp","href":"https:\/\/api.w.org\/{rel}","templated":true}]}}