{"id":41690,"date":"2025-08-25T17:11:20","date_gmt":"2025-08-25T20:11:20","guid":{"rendered":"https:\/\/radiostudiow.com.br\/site\/?p=41690"},"modified":"2025-08-25T17:11:20","modified_gmt":"2025-08-25T20:11:20","slug":"projeto-de-lei-propoe-a-instalacao-de-placas-informativas-sobre-o-tempo-de-espera-em-pracas-de-pedagio-no-pr","status":"publish","type":"post","link":"https:\/\/radiostudiow.com.br\/site\/2025\/08\/25\/projeto-de-lei-propoe-a-instalacao-de-placas-informativas-sobre-o-tempo-de-espera-em-pracas-de-pedagio-no-pr\/","title":{"rendered":"Projeto de lei prop\u00f5e a instala\u00e7\u00e3o de placas informativas sobre o tempo de espera em pra\u00e7as de ped\u00e1gio no PR"},"content":{"rendered":"\n<p>Um novo Projeto de Lei apresentado na Assembleia Legislativa do Paran\u00e1 pretende obrigar as concession\u00e1rias de rodovias que operam pra\u00e7as de ped\u00e1gio no estado a instalarem sinaliza\u00e7\u00e3o vertical informativa, garantindo mais transpar\u00eancia e prote\u00e7\u00e3o aos usu\u00e1rios. A proposta \u00e9 de autoria dos deputados estaduais Marcelo Rangel (PSD) e Oziel Luiz de Souza \u201cbatatinha\u201d (MDB).<\/p>\n\n\n\n<p>Segundo o texto, as placas dever\u00e3o informar de visivelmente a extens\u00e3o m\u00e1xima permitida para filas de ve\u00edculos, com distin\u00e7\u00e3o entre dias normais e per\u00edodos de maior demanda; o tempo m\u00e1ximo de espera ap\u00f3s atingido o limite de fila; o direito do usu\u00e1rio \u00e0 libera\u00e7\u00e3o da passagem sem custo, caso esse tempo seja ultrapassado.<\/p>\n\n\n\n<figure class=\"wp-block-gallery has-nested-images columns-default is-cropped wp-block-gallery-1 is-layout-flex wp-block-gallery-is-layout-flex\">\n<figure class=\"wp-block-image size-large\"><img loading=\"lazy\" decoding=\"async\" width=\"300\" height=\"180\" data-id=\"37219\" src=\"https:\/\/radiostudiow.com.br\/site\/wp-content\/uploads\/2025\/04\/AGRODU.png\" alt=\"\" class=\"wp-image-37219\"\/><\/figure>\n\n\n\n<figure class=\"wp-block-image size-large\"><img loading=\"lazy\" decoding=\"async\" width=\"300\" height=\"180\" data-id=\"39582\" src=\"https:\/\/radiostudiow.com.br\/site\/wp-content\/uploads\/2025\/06\/PLAY-HALL.png\" alt=\"\" class=\"wp-image-39582\"\/><\/figure>\n<\/figure>\n\n\n\n<p>A sinaliza\u00e7\u00e3o dever\u00e1 ser instalada antes do ponto de forma\u00e7\u00e3o de filas, com dimens\u00f5es e elementos gr\u00e1ficos que assegurem boa visibilidade tanto durante o dia quanto \u00e0 noite, conforme padr\u00f5es t\u00e9cnicos estabelecidos pelo C\u00f3digo de Tr\u00e2nsito Brasileiro e normas do CONTRAN.<\/p>\n\n\n\n<p><strong><em>Fiscaliza\u00e7\u00e3o e Penalidades<\/em><\/strong><\/p>\n\n\n\n<p>As concession\u00e1rias ter\u00e3o at\u00e9 90 dias ap\u00f3s a publica\u00e7\u00e3o da nova lei para se adequar \u00e0s exig\u00eancias. O descumprimento resultar\u00e1 em penalidades previstas nos contratos de concess\u00e3o e poder\u00e1 gerar multas administrativas aplicadas pelo Departamento de Estradas de Rodagem do Paran\u00e1 (DER\/PR), que ser\u00e1 respons\u00e1vel pela fiscaliza\u00e7\u00e3o, em articula\u00e7\u00e3o com a ANTT, quando necess\u00e1rio.<\/p>\n\n\n\n<p>Os contratos de concess\u00e3o no Paran\u00e1 j\u00e1 determinam que as filas nos ped\u00e1gios n\u00e3o devem ultrapassar 200 metros em dias comuns e 400 metros em feriados, v\u00e9speras e finais de semana. Caso a espera ultrapasse 15 minutos ap\u00f3s esses limites, os motoristas t\u00eam direito \u00e0 passagem gratuita. No entanto, muitos usu\u00e1rios desconhecem esse direito, o que compromete a fiscaliza\u00e7\u00e3o cidad\u00e3 e o cumprimento das obriga\u00e7\u00f5es pelas concession\u00e1rias.<\/p>\n\n\n\n<figure class=\"wp-block-gallery has-nested-images columns-default is-cropped wp-block-gallery-2 is-layout-flex wp-block-gallery-is-layout-flex\">\n<figure class=\"wp-block-image size-large\"><img loading=\"lazy\" decoding=\"async\" width=\"300\" height=\"180\" data-id=\"38014\" src=\"https:\/\/radiostudiow.com.br\/site\/wp-content\/uploads\/2025\/05\/VANE.png\" alt=\"\" class=\"wp-image-38014\"\/><\/figure>\n\n\n\n<figure class=\"wp-block-image size-large\"><img loading=\"lazy\" decoding=\"async\" width=\"300\" height=\"180\" data-id=\"39576\" src=\"https:\/\/radiostudiow.com.br\/site\/wp-content\/uploads\/2025\/06\/FRAN.png\" alt=\"\" class=\"wp-image-39576\"\/><\/figure>\n<\/figure>\n\n\n\n<p>A proposta se apoia tamb\u00e9m no C\u00f3digo de Defesa do Consumidor, que garante ao cidad\u00e3o o direito \u00e0 informa\u00e7\u00e3o adequada e clara sobre os servi\u00e7os utilizados. Al\u00e9m disso, fortalece o controle social, promove maior confian\u00e7a no servi\u00e7o de ped\u00e1gio e estimula a efici\u00eancia na gest\u00e3o das rodovias concedidas.<\/p>\n\n\n\n<p><strong><em>\u201c\u00c9 uma medida simples, mas com grande impacto na vida dos motoristas paranaenses\u201d<\/em><\/strong><em>, afirmou o deputado Marcelo Rangel. <\/em><strong><em>\u201cCom informa\u00e7\u00e3o clara nas rodovias, o cidad\u00e3o poder\u00e1 exigir seus direitos e cobrar melhorias de forma mais efetiva\u201d<\/em><\/strong><em>, finalizou Batatinha.<\/em><\/p>\n\n\n\n<p>A proposta aguarda agora an\u00e1lise nas comiss\u00f5es tem\u00e1ticas da Assembleia Legislativa do Paran\u00e1. Se aprovada, entrar\u00e1 em vigor imediatamente ap\u00f3s sua publica\u00e7\u00e3o.<\/p>\n","protected":false},"excerpt":{"rendered":"<p>Um novo Projeto de Lei apresentado na Assembleia Legislativa do Paran\u00e1 pretende obrigar as concession\u00e1rias de rodovias que operam pra\u00e7as de ped\u00e1gio no estado a instalarem sinaliza\u00e7\u00e3o vertical informativa, garantindo mais transpar\u00eancia e prote\u00e7\u00e3o aos usu\u00e1rios. A proposta \u00e9 de autoria dos deputados estaduais Marcelo Rangel (PSD) e Oziel Luiz de Souza \u201cbatatinha\u201d (MDB). Segundo [&hellip;]<\/p>\n","protected":false},"author":2,"featured_media":41691,"comment_status":"open","ping_status":"open","sticky":false,"template":"","format":"standard","meta":{"footnotes":""},"categories":[7],"tags":[172],"class_list":["post-41690","post","type-post","status-publish","format-standard","has-post-thumbnail","hentry","category-geral","tag-featured"],"amp_enabled":true,"_links":{"self":[{"href":"https:\/\/radiostudiow.com.br\/site\/wp-json\/wp\/v2\/posts\/41690","targetHints":{"allow":["GET"]}}],"collection":[{"href":"https:\/\/radiostudiow.com.br\/site\/wp-json\/wp\/v2\/posts"}],"about":[{"href":"https:\/\/radiostudiow.com.br\/site\/wp-json\/wp\/v2\/types\/post"}],"author":[{"embeddable":true,"href":"https:\/\/radiostudiow.com.br\/site\/wp-json\/wp\/v2\/users\/2"}],"replies":[{"embeddable":true,"href":"https:\/\/radiostudiow.com.br\/site\/wp-json\/wp\/v2\/comments?post=41690"}],"version-history":[{"count":1,"href":"https:\/\/radiostudiow.com.br\/site\/wp-json\/wp\/v2\/posts\/41690\/revisions"}],"predecessor-version":[{"id":41692,"href":"https:\/\/radiostudiow.com.br\/site\/wp-json\/wp\/v2\/posts\/41690\/revisions\/41692"}],"wp:featuredmedia":[{"embeddable":true,"href":"https:\/\/radiostudiow.com.br\/site\/wp-json\/wp\/v2\/media\/41691"}],"wp:attachment":[{"href":"https:\/\/radiostudiow.com.br\/site\/wp-json\/wp\/v2\/media?parent=41690"}],"wp:term":[{"taxonomy":"category","embeddable":true,"href":"https:\/\/radiostudiow.com.br\/site\/wp-json\/wp\/v2\/categories?post=41690"},{"taxonomy":"post_tag","embeddable":true,"href":"https:\/\/radiostudiow.com.br\/site\/wp-json\/wp\/v2\/tags?post=41690"}],"curies":[{"name":"wp","href":"https:\/\/api.w.org\/{rel}","templated":true}]}}