{"id":41704,"date":"2025-08-25T18:18:17","date_gmt":"2025-08-25T21:18:17","guid":{"rendered":"https:\/\/radiostudiow.com.br\/site\/?p=41704"},"modified":"2025-08-25T18:18:18","modified_gmt":"2025-08-25T21:18:18","slug":"se-voce-mulher-e-vitima-de-violencia-ou-conhece-alguem-que-esteja-nessa-situacao-busque-ajuda-denuncie-a-sua-denuncia-pode-salvar-vidas","status":"publish","type":"post","link":"https:\/\/radiostudiow.com.br\/site\/2025\/08\/25\/se-voce-mulher-e-vitima-de-violencia-ou-conhece-alguem-que-esteja-nessa-situacao-busque-ajuda-denuncie-a-sua-denuncia-pode-salvar-vidas\/","title":{"rendered":"Se voc\u00ea, mulher, \u00e9 v\u00edtima de viol\u00eancia ou conhece algu\u00e9m que esteja nessa situa\u00e7\u00e3o, busque ajuda, denuncie. A sua den\u00fancia pode salvar vidas!"},"content":{"rendered":"\n<p><\/p>\n\n\n\n<h2 class=\"wp-block-heading\">As den\u00fancias podem ser realizadas pessoalmente na delegacia mais pr\u00f3xima ou por telefone nos n\u00fameros:<\/h2>\n\n\n\n<ul class=\"wp-block-list\">\n<li>&#8211; DISQUE 181 (Para den\u00fancias an\u00f4nimas);<\/li>\n\n\n\n<li>&#8211; DISQUE 180 (Central de Atendimento \u00e0 Mulher);<\/li>\n\n\n\n<li>&#8211; 190 (Pol\u00edcia Militar);<\/li>\n\n\n\n<li>&#8211; 197 (Pol\u00edcia Civil);<\/li>\n\n\n\n<li>&#8211; (42) 3542-1249 (WhatsApp da 10a DRP de Mallet);<\/li>\n\n\n\n<li><\/li>\n<\/ul>\n\n\n\n<h2 class=\"wp-block-heading\"><strong>Para mulheres residentes em Paulo Frontin\/PR<\/strong><\/h2>\n\n\n\n<p>Podem ser agendados, via WhatsApp (42) 3542-1249, atendimentos na Sala de Atendimento da Pol\u00edcia Civil, situada na Antiga Esta\u00e7\u00e3o Ferrovi\u00e1ria. Os atendimentos s\u00e3o realizados \u00e0s ter\u00e7as-feiras, sempre precedidos de agendamento.<\/p>\n\n\n\n<p class=\"has-text-align-center\">Tratando-se de emerg\u00eancia, acione imediatamente a Pol\u00edcia Militar no 190.<br>\u00c9 necess\u00e1rio dar o primeiro passo para findar o ciclo de viol\u00eancia.<\/p>\n\n\n\n<blockquote class=\"wp-block-quote is-layout-flow wp-block-quote-is-layout-flow\">\n<p class=\"has-text-align-center\"><em>Voc\u00ea n\u00e3o est\u00e1 sozinha!<br>Busque ajude, denuncie.<\/em><\/p>\n<\/blockquote>\n\n\n\n<figure class=\"wp-block-image size-large\"><img loading=\"lazy\" decoding=\"async\" width=\"768\" height=\"1024\" src=\"https:\/\/radiostudiow.com.br\/site\/wp-content\/uploads\/2025\/08\/\ud83d\udea8Se-voce-mulher-e-vitima-de-violencia-ou-conhece-alguem-que-esteja-nessa-situacao-busque-aju-1-768x1024.jpg\" alt=\"\" class=\"wp-image-41705\" srcset=\"https:\/\/radiostudiow.com.br\/site\/wp-content\/uploads\/2025\/08\/\ud83d\udea8Se-voce-mulher-e-vitima-de-violencia-ou-conhece-alguem-que-esteja-nessa-situacao-busque-aju-1-768x1025.jpg 768w, https:\/\/radiostudiow.com.br\/site\/wp-content\/uploads\/2025\/08\/\ud83d\udea8Se-voce-mulher-e-vitima-de-violencia-ou-conhece-alguem-que-esteja-nessa-situacao-busque-aju-1-225x300.jpg 225w, https:\/\/radiostudiow.com.br\/site\/wp-content\/uploads\/2025\/08\/\ud83d\udea8Se-voce-mulher-e-vitima-de-violencia-ou-conhece-alguem-que-esteja-nessa-situacao-busque-aju-1.jpg 1009w\" sizes=\"auto, (max-width: 768px) 100vw, 768px\" \/><\/figure>\n\n\n\n<figure class=\"wp-block-image size-large\"><img loading=\"lazy\" decoding=\"async\" width=\"771\" height=\"1024\" src=\"https:\/\/radiostudiow.com.br\/site\/wp-content\/uploads\/2025\/08\/\ud83d\udea8Se-voce-mulher-e-vitima-de-violencia-ou-conhece-alguem-que-esteja-nessa-situacao-busque-aju-2-771x1024.jpg\" alt=\"\" class=\"wp-image-41707\" srcset=\"https:\/\/radiostudiow.com.br\/site\/wp-content\/uploads\/2025\/08\/\ud83d\udea8Se-voce-mulher-e-vitima-de-violencia-ou-conhece-alguem-que-esteja-nessa-situacao-busque-aju-2-771x1024.jpg 771w, https:\/\/radiostudiow.com.br\/site\/wp-content\/uploads\/2025\/08\/\ud83d\udea8Se-voce-mulher-e-vitima-de-violencia-ou-conhece-alguem-que-esteja-nessa-situacao-busque-aju-2-226x300.jpg 226w, https:\/\/radiostudiow.com.br\/site\/wp-content\/uploads\/2025\/08\/\ud83d\udea8Se-voce-mulher-e-vitima-de-violencia-ou-conhece-alguem-que-esteja-nessa-situacao-busque-aju-2-768x1020.jpg 768w, https:\/\/radiostudiow.com.br\/site\/wp-content\/uploads\/2025\/08\/\ud83d\udea8Se-voce-mulher-e-vitima-de-violencia-ou-conhece-alguem-que-esteja-nessa-situacao-busque-aju-2.jpg 1019w\" sizes=\"auto, (max-width: 771px) 100vw, 771px\" \/><\/figure>\n\n\n\n<figure class=\"wp-block-image size-large\"><img loading=\"lazy\" decoding=\"async\" width=\"767\" height=\"1024\" src=\"https:\/\/radiostudiow.com.br\/site\/wp-content\/uploads\/2025\/08\/\ud83d\udea8Se-voce-mulher-e-vitima-de-violencia-ou-conhece-alguem-que-esteja-nessa-situacao-busque-aju-3-767x1024.jpg\" alt=\"\" class=\"wp-image-41708\" srcset=\"https:\/\/radiostudiow.com.br\/site\/wp-content\/uploads\/2025\/08\/\ud83d\udea8Se-voce-mulher-e-vitima-de-violencia-ou-conhece-alguem-que-esteja-nessa-situacao-busque-aju-3-767x1024.jpg 767w, https:\/\/radiostudiow.com.br\/site\/wp-content\/uploads\/2025\/08\/\ud83d\udea8Se-voce-mulher-e-vitima-de-violencia-ou-conhece-alguem-que-esteja-nessa-situacao-busque-aju-3-225x300.jpg 225w, https:\/\/radiostudiow.com.br\/site\/wp-content\/uploads\/2025\/08\/\ud83d\udea8Se-voce-mulher-e-vitima-de-violencia-ou-conhece-alguem-que-esteja-nessa-situacao-busque-aju-3-768x1025.jpg 768w, https:\/\/radiostudiow.com.br\/site\/wp-content\/uploads\/2025\/08\/\ud83d\udea8Se-voce-mulher-e-vitima-de-violencia-ou-conhece-alguem-que-esteja-nessa-situacao-busque-aju-3.jpg 1080w\" sizes=\"auto, (max-width: 767px) 100vw, 767px\" \/><\/figure>\n","protected":false},"excerpt":{"rendered":"<p>As den\u00fancias podem ser realizadas pessoalmente na delegacia mais pr\u00f3xima ou por telefone nos n\u00fameros: Para mulheres residentes em Paulo Frontin\/PR Podem ser agendados, via WhatsApp (42) 3542-1249, atendimentos na Sala de Atendimento da Pol\u00edcia Civil, situada na Antiga Esta\u00e7\u00e3o Ferrovi\u00e1ria. Os atendimentos s\u00e3o realizados \u00e0s ter\u00e7as-feiras, sempre precedidos de agendamento. Tratando-se de emerg\u00eancia, acione [&hellip;]<\/p>\n","protected":false},"author":2,"featured_media":41706,"comment_status":"open","ping_status":"open","sticky":false,"template":"","format":"standard","meta":{"footnotes":""},"categories":[185],"tags":[172],"class_list":["post-41704","post","type-post","status-publish","format-standard","has-post-thumbnail","hentry","category-regional","tag-featured"],"amp_enabled":true,"_links":{"self":[{"href":"https:\/\/radiostudiow.com.br\/site\/wp-json\/wp\/v2\/posts\/41704","targetHints":{"allow":["GET"]}}],"collection":[{"href":"https:\/\/radiostudiow.com.br\/site\/wp-json\/wp\/v2\/posts"}],"about":[{"href":"https:\/\/radiostudiow.com.br\/site\/wp-json\/wp\/v2\/types\/post"}],"author":[{"embeddable":true,"href":"https:\/\/radiostudiow.com.br\/site\/wp-json\/wp\/v2\/users\/2"}],"replies":[{"embeddable":true,"href":"https:\/\/radiostudiow.com.br\/site\/wp-json\/wp\/v2\/comments?post=41704"}],"version-history":[{"count":1,"href":"https:\/\/radiostudiow.com.br\/site\/wp-json\/wp\/v2\/posts\/41704\/revisions"}],"predecessor-version":[{"id":41709,"href":"https:\/\/radiostudiow.com.br\/site\/wp-json\/wp\/v2\/posts\/41704\/revisions\/41709"}],"wp:featuredmedia":[{"embeddable":true,"href":"https:\/\/radiostudiow.com.br\/site\/wp-json\/wp\/v2\/media\/41706"}],"wp:attachment":[{"href":"https:\/\/radiostudiow.com.br\/site\/wp-json\/wp\/v2\/media?parent=41704"}],"wp:term":[{"taxonomy":"category","embeddable":true,"href":"https:\/\/radiostudiow.com.br\/site\/wp-json\/wp\/v2\/categories?post=41704"},{"taxonomy":"post_tag","embeddable":true,"href":"https:\/\/radiostudiow.com.br\/site\/wp-json\/wp\/v2\/tags?post=41704"}],"curies":[{"name":"wp","href":"https:\/\/api.w.org\/{rel}","templated":true}]}}