{"id":41717,"date":"2025-08-26T09:33:36","date_gmt":"2025-08-26T12:33:36","guid":{"rendered":"https:\/\/radiostudiow.com.br\/site\/?p=41717"},"modified":"2025-08-26T09:33:36","modified_gmt":"2025-08-26T12:33:36","slug":"motorista-de-24-anos-morre-em-acidente-entre-caminhoes-na-br-476","status":"publish","type":"post","link":"https:\/\/radiostudiow.com.br\/site\/2025\/08\/26\/motorista-de-24-anos-morre-em-acidente-entre-caminhoes-na-br-476\/","title":{"rendered":"Motorista de 24 anos morre em acidente entre caminh\u00f5es na BR-476"},"content":{"rendered":"\n<figure class=\"wp-block-image size-full\"><img loading=\"lazy\" decoding=\"async\" width=\"897\" height=\"204\" src=\"https:\/\/radiostudiow.com.br\/site\/wp-content\/uploads\/2025\/03\/image-62.png\" alt=\"\" class=\"wp-image-35859\" srcset=\"https:\/\/radiostudiow.com.br\/site\/wp-content\/uploads\/2025\/03\/image-62.png 897w, https:\/\/radiostudiow.com.br\/site\/wp-content\/uploads\/2025\/03\/image-62-300x68.png 300w, https:\/\/radiostudiow.com.br\/site\/wp-content\/uploads\/2025\/03\/image-62-768x175.png 768w\" sizes=\"auto, (max-width: 897px) 100vw, 897px\" \/><\/figure>\n\n\n\n<p>Um grave acidente foi registrado no km 193 da BR-476, pr\u00f3ximo ao ped\u00e1gio da Lapa, na Regi\u00e3o Metropolitana de Curitiba no in\u00edcio da noite desta segunda-feira (25).<\/p>\n\n\n\n<p><strong>Leandro Camargo de Assis, de 24 anos<\/strong>, perdeu a vida ap\u00f3s seu caminh\u00e3o ba\u00fa carregado com tomates, infelizmente, colidiu contra uma carreta e ficou preso \u00e0s ferragens. Equipes de resgate foram acionadas, mas constataram o \u00f3bito ainda no local.<\/p>\n\n\n\n<p><em>O jovem natural da Lapa, tinha o sonho de ser caminhoneiro, um sonho que se encerrou de forma precoce e dolorosa.<\/em><\/p>\n\n\n\n<figure class=\"wp-block-image size-full\"><img loading=\"lazy\" decoding=\"async\" width=\"897\" height=\"204\" src=\"https:\/\/radiostudiow.com.br\/site\/wp-content\/uploads\/2025\/06\/BARROS.png\" alt=\"\" class=\"wp-image-39575\" srcset=\"https:\/\/radiostudiow.com.br\/site\/wp-content\/uploads\/2025\/06\/BARROS.png 897w, https:\/\/radiostudiow.com.br\/site\/wp-content\/uploads\/2025\/06\/BARROS-300x68.png 300w, https:\/\/radiostudiow.com.br\/site\/wp-content\/uploads\/2025\/06\/BARROS-768x175.png 768w\" sizes=\"auto, (max-width: 897px) 100vw, 897px\" \/><\/figure>\n\n\n\n<p>Uma m\u00e9dica do SAMU de S\u00e3o Mateus do Sul, que passava pela rodovia no momento da ocorr\u00eancia, tentou prestar socorro, mas n\u00e3o houve possibilidade de reverter a situa\u00e7\u00e3o.<\/p>\n\n\n\n<p>A Pol\u00edcia Rodovi\u00e1ria Federal (PRF) esteve no local para controlar o tr\u00e1fego e realizar os procedimentos necess\u00e1rios. As causas do acidente na BR-476 em Lapa seguem em investiga\u00e7\u00e3o.<\/p>\n\n\n\n<figure class=\"wp-block-image size-full\"><img loading=\"lazy\" decoding=\"async\" width=\"304\" height=\"405\" src=\"https:\/\/radiostudiow.com.br\/site\/wp-content\/uploads\/2025\/08\/image-97-edited-1.png\" alt=\"\" class=\"wp-image-41721\" srcset=\"https:\/\/radiostudiow.com.br\/site\/wp-content\/uploads\/2025\/08\/image-97-edited-1.png 304w, https:\/\/radiostudiow.com.br\/site\/wp-content\/uploads\/2025\/08\/image-97-edited-1-225x300.png 225w\" sizes=\"auto, (max-width: 304px) 100vw, 304px\" \/><\/figure>\n","protected":false},"excerpt":{"rendered":"<p>Um grave acidente foi registrado no km 193 da BR-476, pr\u00f3ximo ao ped\u00e1gio da Lapa, na Regi\u00e3o Metropolitana de Curitiba no in\u00edcio da noite desta segunda-feira (25). Leandro Camargo de Assis, de 24 anos, perdeu a vida ap\u00f3s seu caminh\u00e3o ba\u00fa carregado com tomates, infelizmente, colidiu contra uma carreta e ficou preso \u00e0s ferragens. Equipes [&hellip;]<\/p>\n","protected":false},"author":2,"featured_media":41720,"comment_status":"open","ping_status":"open","sticky":false,"template":"","format":"standard","meta":{"footnotes":""},"categories":[185],"tags":[172],"class_list":["post-41717","post","type-post","status-publish","format-standard","has-post-thumbnail","hentry","category-regional","tag-featured"],"amp_enabled":true,"_links":{"self":[{"href":"https:\/\/radiostudiow.com.br\/site\/wp-json\/wp\/v2\/posts\/41717","targetHints":{"allow":["GET"]}}],"collection":[{"href":"https:\/\/radiostudiow.com.br\/site\/wp-json\/wp\/v2\/posts"}],"about":[{"href":"https:\/\/radiostudiow.com.br\/site\/wp-json\/wp\/v2\/types\/post"}],"author":[{"embeddable":true,"href":"https:\/\/radiostudiow.com.br\/site\/wp-json\/wp\/v2\/users\/2"}],"replies":[{"embeddable":true,"href":"https:\/\/radiostudiow.com.br\/site\/wp-json\/wp\/v2\/comments?post=41717"}],"version-history":[{"count":1,"href":"https:\/\/radiostudiow.com.br\/site\/wp-json\/wp\/v2\/posts\/41717\/revisions"}],"predecessor-version":[{"id":41722,"href":"https:\/\/radiostudiow.com.br\/site\/wp-json\/wp\/v2\/posts\/41717\/revisions\/41722"}],"wp:featuredmedia":[{"embeddable":true,"href":"https:\/\/radiostudiow.com.br\/site\/wp-json\/wp\/v2\/media\/41720"}],"wp:attachment":[{"href":"https:\/\/radiostudiow.com.br\/site\/wp-json\/wp\/v2\/media?parent=41717"}],"wp:term":[{"taxonomy":"category","embeddable":true,"href":"https:\/\/radiostudiow.com.br\/site\/wp-json\/wp\/v2\/categories?post=41717"},{"taxonomy":"post_tag","embeddable":true,"href":"https:\/\/radiostudiow.com.br\/site\/wp-json\/wp\/v2\/tags?post=41717"}],"curies":[{"name":"wp","href":"https:\/\/api.w.org\/{rel}","templated":true}]}}