{"id":4172,"date":"2021-10-27T09:38:50","date_gmt":"2021-10-27T12:38:50","guid":{"rendered":"https:\/\/radiostudiow.com.br\/site\/?p=4172"},"modified":"2025-01-31T15:12:24","modified_gmt":"2025-01-31T18:12:24","slug":"baterias-sao-furtadas-de-barracao-em-sao-mateus-do-sul","status":"publish","type":"post","link":"https:\/\/radiostudiow.com.br\/site\/2021\/10\/27\/baterias-sao-furtadas-de-barracao-em-sao-mateus-do-sul\/","title":{"rendered":"Baterias s\u00e3o furtadas de barrac\u00e3o em S\u00e3o Mateus do Sul"},"content":{"rendered":"\n<p>Um homem compareceu ao Pelot\u00e3o da Pol\u00edcia Militar de S\u00e3o Mateus do Sul por volta das 18:00 horas dessa ter\u00e7a-feira, 26 de outubro, informando ser v\u00edtima de furto.<\/p>\n\n\n\n<p>De acordo com o solicitante, o barrac\u00e3o de sua propriedade no bairro Bom Jesus, foi arrombado pelo fundos e do interior foi furtado 8 baterias de diversas marcas, sendo 03 de 150 amperes e 05 de 100 amperes.<\/p>\n\n\n\n<p>Ele afirma que as baterias estavam instalados em colheitadeiras e tratores.<\/p>\n\n\n\n<p>Diante da situa\u00e7\u00e3o a equipe policial realizou patrulhamentos pela regi\u00e3o e a vitima foi orientada quanto aos procedimentos.<\/p>\n\n\n\n<figure class=\"wp-block-image size-full\"><img decoding=\"async\" src=\"https:\/\/radiostudiow.com.br\/site\/wp-content\/uploads\/2021\/08\/vem_ai-1.jpg\" alt=\"\" class=\"wp-image-3387\"\/><\/figure>\n","protected":false},"excerpt":{"rendered":"<p>Um homem compareceu ao Pelot\u00e3o da Pol\u00edcia Militar de S\u00e3o Mateus do Sul por volta das 18:00 horas dessa ter\u00e7a-feira, 26 de outubro, informando ser v\u00edtima de furto. De acordo com o solicitante, o barrac\u00e3o de sua propriedade no bairro Bom Jesus, foi arrombado pelo fundos e do interior foi furtado 8 baterias de diversas [&hellip;]<\/p>\n","protected":false},"author":2,"featured_media":3956,"comment_status":"open","ping_status":"open","sticky":false,"template":"","format":"standard","meta":{"footnotes":""},"categories":[2],"tags":[172],"class_list":["post-4172","post","type-post","status-publish","format-standard","has-post-thumbnail","hentry","category-policial","tag-featured"],"amp_enabled":true,"_links":{"self":[{"href":"https:\/\/radiostudiow.com.br\/site\/wp-json\/wp\/v2\/posts\/4172","targetHints":{"allow":["GET"]}}],"collection":[{"href":"https:\/\/radiostudiow.com.br\/site\/wp-json\/wp\/v2\/posts"}],"about":[{"href":"https:\/\/radiostudiow.com.br\/site\/wp-json\/wp\/v2\/types\/post"}],"author":[{"embeddable":true,"href":"https:\/\/radiostudiow.com.br\/site\/wp-json\/wp\/v2\/users\/2"}],"replies":[{"embeddable":true,"href":"https:\/\/radiostudiow.com.br\/site\/wp-json\/wp\/v2\/comments?post=4172"}],"version-history":[{"count":1,"href":"https:\/\/radiostudiow.com.br\/site\/wp-json\/wp\/v2\/posts\/4172\/revisions"}],"predecessor-version":[{"id":4173,"href":"https:\/\/radiostudiow.com.br\/site\/wp-json\/wp\/v2\/posts\/4172\/revisions\/4173"}],"wp:featuredmedia":[{"embeddable":true,"href":"https:\/\/radiostudiow.com.br\/site\/wp-json\/wp\/v2\/media\/3956"}],"wp:attachment":[{"href":"https:\/\/radiostudiow.com.br\/site\/wp-json\/wp\/v2\/media?parent=4172"}],"wp:term":[{"taxonomy":"category","embeddable":true,"href":"https:\/\/radiostudiow.com.br\/site\/wp-json\/wp\/v2\/categories?post=4172"},{"taxonomy":"post_tag","embeddable":true,"href":"https:\/\/radiostudiow.com.br\/site\/wp-json\/wp\/v2\/tags?post=4172"}],"curies":[{"name":"wp","href":"https:\/\/api.w.org\/{rel}","templated":true}]}}