{"id":41723,"date":"2025-08-26T09:50:53","date_gmt":"2025-08-26T12:50:53","guid":{"rendered":"https:\/\/radiostudiow.com.br\/site\/?p=41723"},"modified":"2025-08-26T09:50:53","modified_gmt":"2025-08-26T12:50:53","slug":"policia-militar-prende-motorista-por-embriaguez-ao-volante-em-uniao-da-vitoria","status":"publish","type":"post","link":"https:\/\/radiostudiow.com.br\/site\/2025\/08\/26\/policia-militar-prende-motorista-por-embriaguez-ao-volante-em-uniao-da-vitoria\/","title":{"rendered":"Pol\u00edcia Militar prende motorista por embriaguez ao volante em Uni\u00e3o da Vit\u00f3ria"},"content":{"rendered":"\n<p>A equipe da Pol\u00edcia Militar de Uni\u00e3o da Vit\u00f3ria realizava patrulhamento quando abordou um ve\u00edculo que havia se envolvido em um acidente com uma bicicleta momentos antes.<\/p>\n\n\n\n<p> A situa\u00e7\u00e3o ocorreu no bairro Panorama por volta das 20h15min dessa segunda-feira (25).<\/p>\n\n\n\n<figure class=\"wp-block-image size-full\"><img loading=\"lazy\" decoding=\"async\" width=\"897\" height=\"204\" src=\"https:\/\/radiostudiow.com.br\/site\/wp-content\/uploads\/2025\/03\/BARAO-NOVO-NOTICIAS-1.jpg\" alt=\"\" class=\"wp-image-35084\" srcset=\"https:\/\/radiostudiow.com.br\/site\/wp-content\/uploads\/2025\/03\/BARAO-NOVO-NOTICIAS-1.jpg 897w, https:\/\/radiostudiow.com.br\/site\/wp-content\/uploads\/2025\/03\/BARAO-NOVO-NOTICIAS-1-300x68.jpg 300w, https:\/\/radiostudiow.com.br\/site\/wp-content\/uploads\/2025\/03\/BARAO-NOVO-NOTICIAS-1-768x175.jpg 768w\" sizes=\"auto, (max-width: 897px) 100vw, 897px\" \/><\/figure>\n\n\n\n<p>O condutor apresentava sinais evidentes de embriaguez, caracterizando crime de tr\u00e2nsito conforme a legisla\u00e7\u00e3o vigente.<\/p>\n\n\n\n<p>Diante dos fatos, foi dada voz de pris\u00e3o ao homem, que foi encaminhado \u00e0 sede da 4\u00aa SDP para que a autoridade policial tomasse as provid\u00eancias cab\u00edveis.<\/p>\n","protected":false},"excerpt":{"rendered":"<p>A equipe da Pol\u00edcia Militar de Uni\u00e3o da Vit\u00f3ria realizava patrulhamento quando abordou um ve\u00edculo que havia se envolvido em um acidente com uma bicicleta momentos antes. A situa\u00e7\u00e3o ocorreu no bairro Panorama por volta das 20h15min dessa segunda-feira (25). O condutor apresentava sinais evidentes de embriaguez, caracterizando crime de tr\u00e2nsito conforme a legisla\u00e7\u00e3o vigente. [&hellip;]<\/p>\n","protected":false},"author":2,"featured_media":27487,"comment_status":"open","ping_status":"open","sticky":false,"template":"","format":"standard","meta":{"footnotes":""},"categories":[2],"tags":[172],"class_list":["post-41723","post","type-post","status-publish","format-standard","has-post-thumbnail","hentry","category-policial","tag-featured"],"amp_enabled":true,"_links":{"self":[{"href":"https:\/\/radiostudiow.com.br\/site\/wp-json\/wp\/v2\/posts\/41723","targetHints":{"allow":["GET"]}}],"collection":[{"href":"https:\/\/radiostudiow.com.br\/site\/wp-json\/wp\/v2\/posts"}],"about":[{"href":"https:\/\/radiostudiow.com.br\/site\/wp-json\/wp\/v2\/types\/post"}],"author":[{"embeddable":true,"href":"https:\/\/radiostudiow.com.br\/site\/wp-json\/wp\/v2\/users\/2"}],"replies":[{"embeddable":true,"href":"https:\/\/radiostudiow.com.br\/site\/wp-json\/wp\/v2\/comments?post=41723"}],"version-history":[{"count":1,"href":"https:\/\/radiostudiow.com.br\/site\/wp-json\/wp\/v2\/posts\/41723\/revisions"}],"predecessor-version":[{"id":41724,"href":"https:\/\/radiostudiow.com.br\/site\/wp-json\/wp\/v2\/posts\/41723\/revisions\/41724"}],"wp:featuredmedia":[{"embeddable":true,"href":"https:\/\/radiostudiow.com.br\/site\/wp-json\/wp\/v2\/media\/27487"}],"wp:attachment":[{"href":"https:\/\/radiostudiow.com.br\/site\/wp-json\/wp\/v2\/media?parent=41723"}],"wp:term":[{"taxonomy":"category","embeddable":true,"href":"https:\/\/radiostudiow.com.br\/site\/wp-json\/wp\/v2\/categories?post=41723"},{"taxonomy":"post_tag","embeddable":true,"href":"https:\/\/radiostudiow.com.br\/site\/wp-json\/wp\/v2\/tags?post=41723"}],"curies":[{"name":"wp","href":"https:\/\/api.w.org\/{rel}","templated":true}]}}