{"id":41725,"date":"2025-08-26T10:00:47","date_gmt":"2025-08-26T13:00:47","guid":{"rendered":"https:\/\/radiostudiow.com.br\/site\/?p=41725"},"modified":"2025-08-26T10:00:48","modified_gmt":"2025-08-26T13:00:48","slug":"policia-militar-cumpre-mandado-de-prisao-em-uniao-da-vitoria","status":"publish","type":"post","link":"https:\/\/radiostudiow.com.br\/site\/2025\/08\/26\/policia-militar-cumpre-mandado-de-prisao-em-uniao-da-vitoria\/","title":{"rendered":"Pol\u00edcia Militar cumpre mandado de pris\u00e3o em Uni\u00e3o da Vit\u00f3ria"},"content":{"rendered":"\n<p>Por volta das 22h30min dessa segunda-feira (25), durante patrulhamento da equipe da Pol\u00cdcia Militar de Uni\u00e3o da Vit\u00f3ria no bairro Limeira, foi avistado um homem com caracter\u00edsticas compat\u00edveis com as de um indiv\u00edduo com mandado de pris\u00e3o ativo.<\/p>\n\n\n\n<figure class=\"wp-block-image size-full\"><img loading=\"lazy\" decoding=\"async\" width=\"897\" height=\"204\" src=\"https:\/\/radiostudiow.com.br\/site\/wp-content\/uploads\/2025\/02\/SITE-GRANDE7.png\" alt=\"\" class=\"wp-image-33861\" srcset=\"https:\/\/radiostudiow.com.br\/site\/wp-content\/uploads\/2025\/02\/SITE-GRANDE7.png 897w, https:\/\/radiostudiow.com.br\/site\/wp-content\/uploads\/2025\/02\/SITE-GRANDE7-300x68.png 300w, https:\/\/radiostudiow.com.br\/site\/wp-content\/uploads\/2025\/02\/SITE-GRANDE7-768x175.png 768w\" sizes=\"auto, (max-width: 897px) 100vw, 897px\" \/><\/figure>\n\n\n\n<p>Foi realizada a abordagem e, ap\u00f3s consulta aos sistemas, constatou-se que havia, de fato,<br>um mandado de pris\u00e3o em seu desfavor.<\/p>\n\n\n\n<p>Diante dos fatos, o homem foi cientificado do teor do mandado e conduzido \u00e0 sede do DEPPEN de Uni\u00e3o da Vit\u00f3ria, onde permaneceu \u00e0 disposi\u00e7\u00e3o da Justi\u00e7a.<\/p>\n","protected":false},"excerpt":{"rendered":"<p>Por volta das 22h30min dessa segunda-feira (25), durante patrulhamento da equipe da Pol\u00cdcia Militar de Uni\u00e3o da Vit\u00f3ria no bairro Limeira, foi avistado um homem com caracter\u00edsticas compat\u00edveis com as de um indiv\u00edduo com mandado de pris\u00e3o ativo. Foi realizada a abordagem e, ap\u00f3s consulta aos sistemas, constatou-se que havia, de fato,um mandado de pris\u00e3o [&hellip;]<\/p>\n","protected":false},"author":2,"featured_media":27131,"comment_status":"open","ping_status":"open","sticky":false,"template":"","format":"standard","meta":{"footnotes":""},"categories":[2],"tags":[172],"class_list":["post-41725","post","type-post","status-publish","format-standard","has-post-thumbnail","hentry","category-policial","tag-featured"],"amp_enabled":true,"_links":{"self":[{"href":"https:\/\/radiostudiow.com.br\/site\/wp-json\/wp\/v2\/posts\/41725","targetHints":{"allow":["GET"]}}],"collection":[{"href":"https:\/\/radiostudiow.com.br\/site\/wp-json\/wp\/v2\/posts"}],"about":[{"href":"https:\/\/radiostudiow.com.br\/site\/wp-json\/wp\/v2\/types\/post"}],"author":[{"embeddable":true,"href":"https:\/\/radiostudiow.com.br\/site\/wp-json\/wp\/v2\/users\/2"}],"replies":[{"embeddable":true,"href":"https:\/\/radiostudiow.com.br\/site\/wp-json\/wp\/v2\/comments?post=41725"}],"version-history":[{"count":1,"href":"https:\/\/radiostudiow.com.br\/site\/wp-json\/wp\/v2\/posts\/41725\/revisions"}],"predecessor-version":[{"id":41726,"href":"https:\/\/radiostudiow.com.br\/site\/wp-json\/wp\/v2\/posts\/41725\/revisions\/41726"}],"wp:featuredmedia":[{"embeddable":true,"href":"https:\/\/radiostudiow.com.br\/site\/wp-json\/wp\/v2\/media\/27131"}],"wp:attachment":[{"href":"https:\/\/radiostudiow.com.br\/site\/wp-json\/wp\/v2\/media?parent=41725"}],"wp:term":[{"taxonomy":"category","embeddable":true,"href":"https:\/\/radiostudiow.com.br\/site\/wp-json\/wp\/v2\/categories?post=41725"},{"taxonomy":"post_tag","embeddable":true,"href":"https:\/\/radiostudiow.com.br\/site\/wp-json\/wp\/v2\/tags?post=41725"}],"curies":[{"name":"wp","href":"https:\/\/api.w.org\/{rel}","templated":true}]}}