{"id":41730,"date":"2025-08-26T17:33:25","date_gmt":"2025-08-26T20:33:25","guid":{"rendered":"https:\/\/radiostudiow.com.br\/site\/?p=41730"},"modified":"2025-08-26T17:33:26","modified_gmt":"2025-08-26T20:33:26","slug":"acidente-na-area-industrial-de-porto-uniao-deixa-motociclista-ferido","status":"publish","type":"post","link":"https:\/\/radiostudiow.com.br\/site\/2025\/08\/26\/acidente-na-area-industrial-de-porto-uniao-deixa-motociclista-ferido\/","title":{"rendered":"Acidente na \u00e1rea industrial de Porto Uni\u00e3o deixa motociclista ferido"},"content":{"rendered":"\n<p>Um acidente de tr\u00e2nsito foi registrado na rua\u00a0Valfrido Soares dos Santos, na \u00e1rea industrial de Porto Uni\u00e3o na manh\u00e3 chuvosa desta ter\u00e7a-feira (26).<\/p>\n\n\n\n<p>O Corpo de Bombeiros foi acionado por volta das 07h05min para atender a ocorr\u00eancia, que envolveu um ve\u00edculo Siena e uma motocicleta.<\/p>\n\n\n\n<figure class=\"wp-block-image size-full\"><img loading=\"lazy\" decoding=\"async\" width=\"598\" height=\"204\" src=\"https:\/\/radiostudiow.com.br\/site\/wp-content\/uploads\/2025\/01\/SITE-MEDIO7.png\" alt=\"\" class=\"wp-image-32801\" srcset=\"https:\/\/radiostudiow.com.br\/site\/wp-content\/uploads\/2025\/01\/SITE-MEDIO7.png 598w, https:\/\/radiostudiow.com.br\/site\/wp-content\/uploads\/2025\/01\/SITE-MEDIO7-300x102.png 300w\" sizes=\"auto, (max-width: 598px) 100vw, 598px\" \/><\/figure>\n\n\n\n<p>O condutor da moto, estava consciente, mas apresentava ferimentos. As equipes de socorro realizaram os primeiros atendimentos no local.<\/p>\n\n\n\n<p>As causas do acidente ser\u00e3o apuradas pelas autoridades.<\/p>\n\n\n\n<p><a target=\"_blank\" href=\"mailto:?subject=Acidente%20na%20%C3%A1rea%20industrial%20de%20Porto%20Uni%C3%A3o%20deixa%20motociclista%20ferido&amp;body=https:\/\/www.vvale.com.br\/transito\/acidente-na-area-industrial-de-porto-uniao-deixa-motociclista-ferido\/\" rel=\"noreferrer noopener\"><\/a><\/p>\n\n\n\n<figure class=\"wp-block-image size-full\"><img loading=\"lazy\" decoding=\"async\" width=\"720\" height=\"540\" src=\"https:\/\/radiostudiow.com.br\/site\/wp-content\/uploads\/2025\/08\/image-100.png\" alt=\"\" class=\"wp-image-41732\" srcset=\"https:\/\/radiostudiow.com.br\/site\/wp-content\/uploads\/2025\/08\/image-100.png 720w, https:\/\/radiostudiow.com.br\/site\/wp-content\/uploads\/2025\/08\/image-100-300x225.png 300w\" sizes=\"auto, (max-width: 720px) 100vw, 720px\" \/><\/figure>\n","protected":false},"excerpt":{"rendered":"<p>Um acidente de tr\u00e2nsito foi registrado na rua\u00a0Valfrido Soares dos Santos, na \u00e1rea industrial de Porto Uni\u00e3o na manh\u00e3 chuvosa desta ter\u00e7a-feira (26). O Corpo de Bombeiros foi acionado por volta das 07h05min para atender a ocorr\u00eancia, que envolveu um ve\u00edculo Siena e uma motocicleta. O condutor da moto, estava consciente, mas apresentava ferimentos. As [&hellip;]<\/p>\n","protected":false},"author":2,"featured_media":41731,"comment_status":"open","ping_status":"open","sticky":false,"template":"","format":"standard","meta":{"footnotes":""},"categories":[185],"tags":[172],"class_list":["post-41730","post","type-post","status-publish","format-standard","has-post-thumbnail","hentry","category-regional","tag-featured"],"amp_enabled":true,"_links":{"self":[{"href":"https:\/\/radiostudiow.com.br\/site\/wp-json\/wp\/v2\/posts\/41730","targetHints":{"allow":["GET"]}}],"collection":[{"href":"https:\/\/radiostudiow.com.br\/site\/wp-json\/wp\/v2\/posts"}],"about":[{"href":"https:\/\/radiostudiow.com.br\/site\/wp-json\/wp\/v2\/types\/post"}],"author":[{"embeddable":true,"href":"https:\/\/radiostudiow.com.br\/site\/wp-json\/wp\/v2\/users\/2"}],"replies":[{"embeddable":true,"href":"https:\/\/radiostudiow.com.br\/site\/wp-json\/wp\/v2\/comments?post=41730"}],"version-history":[{"count":1,"href":"https:\/\/radiostudiow.com.br\/site\/wp-json\/wp\/v2\/posts\/41730\/revisions"}],"predecessor-version":[{"id":41733,"href":"https:\/\/radiostudiow.com.br\/site\/wp-json\/wp\/v2\/posts\/41730\/revisions\/41733"}],"wp:featuredmedia":[{"embeddable":true,"href":"https:\/\/radiostudiow.com.br\/site\/wp-json\/wp\/v2\/media\/41731"}],"wp:attachment":[{"href":"https:\/\/radiostudiow.com.br\/site\/wp-json\/wp\/v2\/media?parent=41730"}],"wp:term":[{"taxonomy":"category","embeddable":true,"href":"https:\/\/radiostudiow.com.br\/site\/wp-json\/wp\/v2\/categories?post=41730"},{"taxonomy":"post_tag","embeddable":true,"href":"https:\/\/radiostudiow.com.br\/site\/wp-json\/wp\/v2\/tags?post=41730"}],"curies":[{"name":"wp","href":"https:\/\/api.w.org\/{rel}","templated":true}]}}