{"id":41734,"date":"2025-08-26T17:36:27","date_gmt":"2025-08-26T20:36:27","guid":{"rendered":"https:\/\/radiostudiow.com.br\/site\/?p=41734"},"modified":"2025-08-26T17:36:28","modified_gmt":"2025-08-26T20:36:28","slug":"jovem-fica-ferida-em-colisao-entre-moto-e-carro-em-porto-uniao","status":"publish","type":"post","link":"https:\/\/radiostudiow.com.br\/site\/2025\/08\/26\/jovem-fica-ferida-em-colisao-entre-moto-e-carro-em-porto-uniao\/","title":{"rendered":"Jovem fica ferida em colis\u00e3o entre moto e carro em Porto Uni\u00e3o"},"content":{"rendered":"\n<figure class=\"wp-block-image size-full\"><img loading=\"lazy\" decoding=\"async\" width=\"598\" height=\"204\" src=\"https:\/\/radiostudiow.com.br\/site\/wp-content\/uploads\/2024\/10\/labirati.png\" alt=\"\" class=\"wp-image-28854\" srcset=\"https:\/\/radiostudiow.com.br\/site\/wp-content\/uploads\/2024\/10\/labirati.png 598w, https:\/\/radiostudiow.com.br\/site\/wp-content\/uploads\/2024\/10\/labirati-300x102.png 300w\" sizes=\"auto, (max-width: 598px) 100vw, 598px\" \/><\/figure>\n\n\n\n<p>Na manh\u00e3 desta ter\u00e7a-feira, 26, um acidente de tr\u00e2nsito foi registrado na rua Helmut Miller, no bairro Jardim Bras\u00edlia, em Porto Uni\u00e3o.<\/p>\n\n\n\n<p>A ocorr\u00eancia envolveu uma motocicleta Honda vermelha, com placas Mercosul, e um Fiat Palio, com placas do munic\u00edpio.<\/p>\n\n\n\n<p>A condutora da moto, uma jovem, foi socorrida pelo Corpo de Bombeiros e encaminhada ao Hospital S\u00e3o Br\u00e1z. Ela estava consciente, mas apresentava dores e ser\u00e1 submetida a avalia\u00e7\u00e3o m\u00e9dica mais detalhada.<\/p>\n\n\n\n<figure class=\"wp-block-image size-full\"><img loading=\"lazy\" decoding=\"async\" width=\"897\" height=\"204\" src=\"https:\/\/radiostudiow.com.br\/site\/wp-content\/uploads\/2024\/01\/SITE-GRANDE3.png\" alt=\"zaions\" class=\"wp-image-18936\" srcset=\"https:\/\/radiostudiow.com.br\/site\/wp-content\/uploads\/2024\/01\/SITE-GRANDE3.png 897w, https:\/\/radiostudiow.com.br\/site\/wp-content\/uploads\/2024\/01\/SITE-GRANDE3-300x68.png 300w, https:\/\/radiostudiow.com.br\/site\/wp-content\/uploads\/2024\/01\/SITE-GRANDE3-768x175.png 768w\" sizes=\"auto, (max-width: 897px) 100vw, 897px\" \/><\/figure>\n\n\n\n<p>Antes mesmo da chegada dos bombeiros, uma viatura da Pol\u00edcia Militar j\u00e1 prestava apoio no local.\u00a0No momento do acidente chovia, fator que pode ter contribu\u00eddo para a colis\u00e3o.<\/p>\n\n\n\n<p>Este foi o\u00a0segundo acidente envolvendo carro e moto registrado apenas nesta manh\u00e3 em Porto Uni\u00e3o, chamando aten\u00e7\u00e3o para os riscos adicionais causados pelas condi\u00e7\u00f5es clim\u00e1ticas adversas.<\/p>\n\n\n\n<p class=\"has-text-align-center\"><em>Foto: Assis O Rep\u00f3rter<\/em><a href=\"mailto:?subject=Jovem%20fica%20ferida%20em%20colis%C3%A3o%20entre%20moto%20e%20carro%20em%20Porto%20Uni%C3%A3o&amp;body=https:\/\/www.vvale.com.br\/transito\/jovem-fica-ferida-em-colisao-entre-moto-e-carro-em-porto-uniao\/\" target=\"_blank\" rel=\"noreferrer noopener\"><\/a><\/p>\n\n\n\n<p><\/p>\n","protected":false},"excerpt":{"rendered":"<p>Na manh\u00e3 desta ter\u00e7a-feira, 26, um acidente de tr\u00e2nsito foi registrado na rua Helmut Miller, no bairro Jardim Bras\u00edlia, em Porto Uni\u00e3o. A ocorr\u00eancia envolveu uma motocicleta Honda vermelha, com placas Mercosul, e um Fiat Palio, com placas do munic\u00edpio. A condutora da moto, uma jovem, foi socorrida pelo Corpo de Bombeiros e encaminhada ao [&hellip;]<\/p>\n","protected":false},"author":2,"featured_media":41735,"comment_status":"open","ping_status":"open","sticky":false,"template":"","format":"standard","meta":{"footnotes":""},"categories":[185],"tags":[172],"class_list":["post-41734","post","type-post","status-publish","format-standard","has-post-thumbnail","hentry","category-regional","tag-featured"],"amp_enabled":true,"_links":{"self":[{"href":"https:\/\/radiostudiow.com.br\/site\/wp-json\/wp\/v2\/posts\/41734","targetHints":{"allow":["GET"]}}],"collection":[{"href":"https:\/\/radiostudiow.com.br\/site\/wp-json\/wp\/v2\/posts"}],"about":[{"href":"https:\/\/radiostudiow.com.br\/site\/wp-json\/wp\/v2\/types\/post"}],"author":[{"embeddable":true,"href":"https:\/\/radiostudiow.com.br\/site\/wp-json\/wp\/v2\/users\/2"}],"replies":[{"embeddable":true,"href":"https:\/\/radiostudiow.com.br\/site\/wp-json\/wp\/v2\/comments?post=41734"}],"version-history":[{"count":1,"href":"https:\/\/radiostudiow.com.br\/site\/wp-json\/wp\/v2\/posts\/41734\/revisions"}],"predecessor-version":[{"id":41736,"href":"https:\/\/radiostudiow.com.br\/site\/wp-json\/wp\/v2\/posts\/41734\/revisions\/41736"}],"wp:featuredmedia":[{"embeddable":true,"href":"https:\/\/radiostudiow.com.br\/site\/wp-json\/wp\/v2\/media\/41735"}],"wp:attachment":[{"href":"https:\/\/radiostudiow.com.br\/site\/wp-json\/wp\/v2\/media?parent=41734"}],"wp:term":[{"taxonomy":"category","embeddable":true,"href":"https:\/\/radiostudiow.com.br\/site\/wp-json\/wp\/v2\/categories?post=41734"},{"taxonomy":"post_tag","embeddable":true,"href":"https:\/\/radiostudiow.com.br\/site\/wp-json\/wp\/v2\/tags?post=41734"}],"curies":[{"name":"wp","href":"https:\/\/api.w.org\/{rel}","templated":true}]}}