{"id":41741,"date":"2025-08-27T10:39:56","date_gmt":"2025-08-27T13:39:56","guid":{"rendered":"https:\/\/radiostudiow.com.br\/site\/?p=41741"},"modified":"2025-08-27T10:39:57","modified_gmt":"2025-08-27T13:39:57","slug":"policia-militar-prende-homem-por-suspeita-de-lesao-corporal-contra-a-esposa-em-uniao-da-vitoria","status":"publish","type":"post","link":"https:\/\/radiostudiow.com.br\/site\/2025\/08\/27\/policia-militar-prende-homem-por-suspeita-de-lesao-corporal-contra-a-esposa-em-uniao-da-vitoria\/","title":{"rendered":"Pol\u00edcia Militar prende homem por suspeita de les\u00e3o corporal contra a esposa em Uni\u00e3o da Vit\u00f3ria"},"content":{"rendered":"\n<p>A equipe da Pol\u00edcia Militar de Uni\u00e3o da Vit\u00f3ria foi acionada para verificar uma ocorr\u00eancia de les\u00e3o<br>corporal no contexto de viol\u00eancia dom\u00e9stica na UPA 24 horas por volta das 11h50min dessa ter\u00e7a-feira (26).<\/p>\n\n\n\n<figure class=\"wp-block-image size-full\"><img loading=\"lazy\" decoding=\"async\" width=\"897\" height=\"204\" src=\"https:\/\/radiostudiow.com.br\/site\/wp-content\/uploads\/2025\/03\/BARAO-NOVO-NOTICIAS-1.jpg\" alt=\"\" class=\"wp-image-35084\" srcset=\"https:\/\/radiostudiow.com.br\/site\/wp-content\/uploads\/2025\/03\/BARAO-NOVO-NOTICIAS-1.jpg 897w, https:\/\/radiostudiow.com.br\/site\/wp-content\/uploads\/2025\/03\/BARAO-NOVO-NOTICIAS-1-300x68.jpg 300w, https:\/\/radiostudiow.com.br\/site\/wp-content\/uploads\/2025\/03\/BARAO-NOVO-NOTICIAS-1-768x175.jpg 768w\" sizes=\"auto, (max-width: 897px) 100vw, 897px\" \/><\/figure>\n\n\n\n<p>No local, um suspeito foi identificado e abordado, sendo encaminhado \u00e0 delegacia para<br>provid\u00eancias legais. A v\u00edtima, atendida na unidade m\u00e9dica, relatou ter sido agredida<br>durante uma discuss\u00e3o conjugal.<\/p>\n\n\n\n<p>O caso envolveu objetos dom\u00e9sticos e resultou em les\u00e3o na regi\u00e3o da testa. O caso ser\u00e1 acompanhado pelos \u00f3rg\u00e3os competentes.<\/p>\n","protected":false},"excerpt":{"rendered":"<p>A equipe da Pol\u00edcia Militar de Uni\u00e3o da Vit\u00f3ria foi acionada para verificar uma ocorr\u00eancia de les\u00e3ocorporal no contexto de viol\u00eancia dom\u00e9stica na UPA 24 horas por volta das 11h50min dessa ter\u00e7a-feira (26). No local, um suspeito foi identificado e abordado, sendo encaminhado \u00e0 delegacia paraprovid\u00eancias legais. A v\u00edtima, atendida na unidade m\u00e9dica, relatou ter [&hellip;]<\/p>\n","protected":false},"author":2,"featured_media":33000,"comment_status":"open","ping_status":"open","sticky":false,"template":"","format":"standard","meta":{"footnotes":""},"categories":[2],"tags":[172],"class_list":["post-41741","post","type-post","status-publish","format-standard","has-post-thumbnail","hentry","category-policial","tag-featured"],"amp_enabled":true,"_links":{"self":[{"href":"https:\/\/radiostudiow.com.br\/site\/wp-json\/wp\/v2\/posts\/41741","targetHints":{"allow":["GET"]}}],"collection":[{"href":"https:\/\/radiostudiow.com.br\/site\/wp-json\/wp\/v2\/posts"}],"about":[{"href":"https:\/\/radiostudiow.com.br\/site\/wp-json\/wp\/v2\/types\/post"}],"author":[{"embeddable":true,"href":"https:\/\/radiostudiow.com.br\/site\/wp-json\/wp\/v2\/users\/2"}],"replies":[{"embeddable":true,"href":"https:\/\/radiostudiow.com.br\/site\/wp-json\/wp\/v2\/comments?post=41741"}],"version-history":[{"count":1,"href":"https:\/\/radiostudiow.com.br\/site\/wp-json\/wp\/v2\/posts\/41741\/revisions"}],"predecessor-version":[{"id":41742,"href":"https:\/\/radiostudiow.com.br\/site\/wp-json\/wp\/v2\/posts\/41741\/revisions\/41742"}],"wp:featuredmedia":[{"embeddable":true,"href":"https:\/\/radiostudiow.com.br\/site\/wp-json\/wp\/v2\/media\/33000"}],"wp:attachment":[{"href":"https:\/\/radiostudiow.com.br\/site\/wp-json\/wp\/v2\/media?parent=41741"}],"wp:term":[{"taxonomy":"category","embeddable":true,"href":"https:\/\/radiostudiow.com.br\/site\/wp-json\/wp\/v2\/categories?post=41741"},{"taxonomy":"post_tag","embeddable":true,"href":"https:\/\/radiostudiow.com.br\/site\/wp-json\/wp\/v2\/tags?post=41741"}],"curies":[{"name":"wp","href":"https:\/\/api.w.org\/{rel}","templated":true}]}}