{"id":41743,"date":"2025-08-27T10:46:37","date_gmt":"2025-08-27T13:46:37","guid":{"rendered":"https:\/\/radiostudiow.com.br\/site\/?p=41743"},"modified":"2025-08-27T10:49:00","modified_gmt":"2025-08-27T13:49:00","slug":"policia-militar-prende-homem-com-arma-de-fogo-apos-ameaca-em-boate-de-sao-mateus-do-sul","status":"publish","type":"post","link":"https:\/\/radiostudiow.com.br\/site\/2025\/08\/27\/policia-militar-prende-homem-com-arma-de-fogo-apos-ameaca-em-boate-de-sao-mateus-do-sul\/","title":{"rendered":"Pol\u00edcia Militar prende homem com arma de fogo ap\u00f3s amea\u00e7a em boate de S\u00e3o Mateus do Sul"},"content":{"rendered":"\n<p>A equipe da Pol\u00edcia Militar de S\u00e3o Mateus do Sul foi acionada para atender uma ocorr\u00eancia de amea\u00e7a em uma boate na BR-476 por volta das 01h50min desta quarta-feira (27).<\/p>\n\n\n\n<p>No local uma mulher informou ter sido amea\u00e7ada por um homem que, ap\u00f3s o desentendimento, efetuou dois disparos de arma de fogo para o alto e deixou o local em um Toyota\/Corolla na cor branca.<\/p>\n\n\n\n<figure class=\"wp-block-image size-full\"><img loading=\"lazy\" decoding=\"async\" width=\"897\" height=\"204\" src=\"https:\/\/radiostudiow.com.br\/site\/wp-content\/uploads\/2025\/03\/image-62.png\" alt=\"\" class=\"wp-image-35859\" srcset=\"https:\/\/radiostudiow.com.br\/site\/wp-content\/uploads\/2025\/03\/image-62.png 897w, https:\/\/radiostudiow.com.br\/site\/wp-content\/uploads\/2025\/03\/image-62-300x68.png 300w, https:\/\/radiostudiow.com.br\/site\/wp-content\/uploads\/2025\/03\/image-62-768x175.png 768w\" sizes=\"auto, (max-width: 897px) 100vw, 897px\" \/><\/figure>\n\n\n\n<p>Durante o patrulhamento, o ve\u00edculo foi localizado em via p\u00fablica. Na busca veicular, foi encontrado um rev\u00f3lver calibre 38 com seis muni\u00e7\u00f5es, sendo uma deflagrada.<\/p>\n\n\n\n<p>O suspeito recebeu voz de pris\u00e3o e foi encaminhado \u00e0 delegacia para os procedimentos legais. A Pol\u00edcia Militar n\u00e3o detalhou a motiva\u00e7\u00e3o dos disparos.<\/p>\n","protected":false},"excerpt":{"rendered":"<p>A equipe da Pol\u00edcia Militar de S\u00e3o Mateus do Sul foi acionada para atender uma ocorr\u00eancia de amea\u00e7a em uma boate na BR-476 por volta das 01h50min desta quarta-feira (27). No local uma mulher informou ter sido amea\u00e7ada por um homem que, ap\u00f3s o desentendimento, efetuou dois disparos de arma de fogo para o alto [&hellip;]<\/p>\n","protected":false},"author":2,"featured_media":41749,"comment_status":"open","ping_status":"open","sticky":false,"template":"","format":"standard","meta":{"footnotes":""},"categories":[2],"tags":[172],"class_list":["post-41743","post","type-post","status-publish","format-standard","has-post-thumbnail","hentry","category-policial","tag-featured"],"amp_enabled":true,"_links":{"self":[{"href":"https:\/\/radiostudiow.com.br\/site\/wp-json\/wp\/v2\/posts\/41743","targetHints":{"allow":["GET"]}}],"collection":[{"href":"https:\/\/radiostudiow.com.br\/site\/wp-json\/wp\/v2\/posts"}],"about":[{"href":"https:\/\/radiostudiow.com.br\/site\/wp-json\/wp\/v2\/types\/post"}],"author":[{"embeddable":true,"href":"https:\/\/radiostudiow.com.br\/site\/wp-json\/wp\/v2\/users\/2"}],"replies":[{"embeddable":true,"href":"https:\/\/radiostudiow.com.br\/site\/wp-json\/wp\/v2\/comments?post=41743"}],"version-history":[{"count":1,"href":"https:\/\/radiostudiow.com.br\/site\/wp-json\/wp\/v2\/posts\/41743\/revisions"}],"predecessor-version":[{"id":41745,"href":"https:\/\/radiostudiow.com.br\/site\/wp-json\/wp\/v2\/posts\/41743\/revisions\/41745"}],"wp:featuredmedia":[{"embeddable":true,"href":"https:\/\/radiostudiow.com.br\/site\/wp-json\/wp\/v2\/media\/41749"}],"wp:attachment":[{"href":"https:\/\/radiostudiow.com.br\/site\/wp-json\/wp\/v2\/media?parent=41743"}],"wp:term":[{"taxonomy":"category","embeddable":true,"href":"https:\/\/radiostudiow.com.br\/site\/wp-json\/wp\/v2\/categories?post=41743"},{"taxonomy":"post_tag","embeddable":true,"href":"https:\/\/radiostudiow.com.br\/site\/wp-json\/wp\/v2\/tags?post=41743"}],"curies":[{"name":"wp","href":"https:\/\/api.w.org\/{rel}","templated":true}]}}