{"id":41753,"date":"2025-08-27T10:57:13","date_gmt":"2025-08-27T13:57:13","guid":{"rendered":"https:\/\/radiostudiow.com.br\/site\/?p=41753"},"modified":"2025-08-27T10:57:14","modified_gmt":"2025-08-27T13:57:14","slug":"chuva-de-granizo-atinge-interior-de-cruz-machado","status":"publish","type":"post","link":"https:\/\/radiostudiow.com.br\/site\/2025\/08\/27\/chuva-de-granizo-atinge-interior-de-cruz-machado\/","title":{"rendered":"Chuva de granizo atinge interior de Cruz Machado"},"content":{"rendered":"\n<p>A chuva de granizo que atingiu diversas cidades do Paran\u00e1 nesta ter\u00e7a-feira, 26 de agosto, tamb\u00e9m causou estragos no interior de Cruz Machado.<\/p>\n\n\n\n<p>De acordo com relatos de moradores, as localidades de Lajeado Liso, Fartura, Tr\u00eas Barras \u2013 Pinh\u00e3o foram afetadas pelo fen\u00f4meno.<\/p>\n\n\n\n<figure class=\"wp-block-image size-full\"><img loading=\"lazy\" decoding=\"async\" width=\"897\" height=\"207\" src=\"https:\/\/radiostudiow.com.br\/site\/wp-content\/uploads\/2025\/07\/TIJOLAO.png\" alt=\"\" class=\"wp-image-40184\" srcset=\"https:\/\/radiostudiow.com.br\/site\/wp-content\/uploads\/2025\/07\/TIJOLAO.png 897w, https:\/\/radiostudiow.com.br\/site\/wp-content\/uploads\/2025\/07\/TIJOLAO-300x69.png 300w, https:\/\/radiostudiow.com.br\/site\/wp-content\/uploads\/2025\/07\/TIJOLAO-768x177.png 768w\" sizes=\"auto, (max-width: 897px) 100vw, 897px\" \/><\/figure>\n\n\n\n<p>Segundo o meteorologista do Simepar, Reinaldo Kneib, o granizo foi causado por um\u00a0v\u00f3rtice cicl\u00f4nico de altos n\u00edveis, um sistema de baixa press\u00e3o que se forma a cinco quil\u00f4metros de altitude e \u00e9 respons\u00e1vel por propiciar a forma\u00e7\u00e3o de tempestades.<\/p>\n\n\n\n<p>O sistema est\u00e1 predominando sobre os estados do Paran\u00e1, Santa Catarina e S\u00e3o Paulo.<\/p>\n\n\n\n<figure class=\"wp-block-gallery has-nested-images columns-default is-cropped wp-block-gallery-1 is-layout-flex wp-block-gallery-is-layout-flex\">\n<figure class=\"wp-block-image size-large\"><img loading=\"lazy\" decoding=\"async\" width=\"450\" height=\"600\" data-id=\"41757\" src=\"https:\/\/radiostudiow.com.br\/site\/wp-content\/uploads\/2025\/08\/image-105.png\" alt=\"\" class=\"wp-image-41757\" srcset=\"https:\/\/radiostudiow.com.br\/site\/wp-content\/uploads\/2025\/08\/image-105.png 450w, https:\/\/radiostudiow.com.br\/site\/wp-content\/uploads\/2025\/08\/image-105-225x300.png 225w\" sizes=\"auto, (max-width: 450px) 100vw, 450px\" \/><\/figure>\n\n\n\n<figure class=\"wp-block-image size-large\"><img loading=\"lazy\" decoding=\"async\" width=\"450\" height=\"600\" data-id=\"41755\" src=\"https:\/\/radiostudiow.com.br\/site\/wp-content\/uploads\/2025\/08\/image-103.png\" alt=\"\" class=\"wp-image-41755\" srcset=\"https:\/\/radiostudiow.com.br\/site\/wp-content\/uploads\/2025\/08\/image-103.png 450w, https:\/\/radiostudiow.com.br\/site\/wp-content\/uploads\/2025\/08\/image-103-225x300.png 225w\" sizes=\"auto, (max-width: 450px) 100vw, 450px\" \/><\/figure>\n<\/figure>\n","protected":false},"excerpt":{"rendered":"<p>A chuva de granizo que atingiu diversas cidades do Paran\u00e1 nesta ter\u00e7a-feira, 26 de agosto, tamb\u00e9m causou estragos no interior de Cruz Machado. De acordo com relatos de moradores, as localidades de Lajeado Liso, Fartura, Tr\u00eas Barras \u2013 Pinh\u00e3o foram afetadas pelo fen\u00f4meno. Segundo o meteorologista do Simepar, Reinaldo Kneib, o granizo foi causado por [&hellip;]<\/p>\n","protected":false},"author":2,"featured_media":41756,"comment_status":"open","ping_status":"open","sticky":false,"template":"","format":"standard","meta":{"footnotes":""},"categories":[185],"tags":[172],"class_list":["post-41753","post","type-post","status-publish","format-standard","has-post-thumbnail","hentry","category-regional","tag-featured"],"amp_enabled":true,"_links":{"self":[{"href":"https:\/\/radiostudiow.com.br\/site\/wp-json\/wp\/v2\/posts\/41753","targetHints":{"allow":["GET"]}}],"collection":[{"href":"https:\/\/radiostudiow.com.br\/site\/wp-json\/wp\/v2\/posts"}],"about":[{"href":"https:\/\/radiostudiow.com.br\/site\/wp-json\/wp\/v2\/types\/post"}],"author":[{"embeddable":true,"href":"https:\/\/radiostudiow.com.br\/site\/wp-json\/wp\/v2\/users\/2"}],"replies":[{"embeddable":true,"href":"https:\/\/radiostudiow.com.br\/site\/wp-json\/wp\/v2\/comments?post=41753"}],"version-history":[{"count":1,"href":"https:\/\/radiostudiow.com.br\/site\/wp-json\/wp\/v2\/posts\/41753\/revisions"}],"predecessor-version":[{"id":41758,"href":"https:\/\/radiostudiow.com.br\/site\/wp-json\/wp\/v2\/posts\/41753\/revisions\/41758"}],"wp:featuredmedia":[{"embeddable":true,"href":"https:\/\/radiostudiow.com.br\/site\/wp-json\/wp\/v2\/media\/41756"}],"wp:attachment":[{"href":"https:\/\/radiostudiow.com.br\/site\/wp-json\/wp\/v2\/media?parent=41753"}],"wp:term":[{"taxonomy":"category","embeddable":true,"href":"https:\/\/radiostudiow.com.br\/site\/wp-json\/wp\/v2\/categories?post=41753"},{"taxonomy":"post_tag","embeddable":true,"href":"https:\/\/radiostudiow.com.br\/site\/wp-json\/wp\/v2\/tags?post=41753"}],"curies":[{"name":"wp","href":"https:\/\/api.w.org\/{rel}","templated":true}]}}