{"id":41767,"date":"2025-08-27T11:17:25","date_gmt":"2025-08-27T14:17:25","guid":{"rendered":"https:\/\/radiostudiow.com.br\/site\/?p=41767"},"modified":"2025-08-27T11:17:25","modified_gmt":"2025-08-27T14:17:25","slug":"homem-danifica-jardim-de-hotel-no-centro-de-reboucas-e-foge-antes-da-chegada-da-pm","status":"publish","type":"post","link":"https:\/\/radiostudiow.com.br\/site\/2025\/08\/27\/homem-danifica-jardim-de-hotel-no-centro-de-reboucas-e-foge-antes-da-chegada-da-pm\/","title":{"rendered":"Homem danifica jardim de hotel no centro de Rebou\u00e7as e foge antes da chegada da PM"},"content":{"rendered":"\n<p>Na madrugada desta segunda-feira (25), por volta das 3h40, a Pol\u00edcia Militar de Rebou\u00e7as foi acionada para atender a uma ocorr\u00eancia de dano ao patrim\u00f4nio em um hotel localizado na \u00e1rea central da cidade.<\/p>\n\n\n\n<p>De acordo com o solicitante, um homem trajando cal\u00e7a jeans e sem camiseta entrou no hall de entrada do estabelecimento e passou a danificar o jardim de inverno. Logo em seguida, ele deixou o local tomando rumo ignorado.<\/p>\n\n\n\n<figure class=\"wp-block-image size-full\"><img loading=\"lazy\" decoding=\"async\" width=\"897\" height=\"204\" src=\"https:\/\/radiostudiow.com.br\/site\/wp-content\/uploads\/2025\/01\/SITE-GRANDE3.png\" alt=\"\" class=\"wp-image-32900\" srcset=\"https:\/\/radiostudiow.com.br\/site\/wp-content\/uploads\/2025\/01\/SITE-GRANDE3.png 897w, https:\/\/radiostudiow.com.br\/site\/wp-content\/uploads\/2025\/01\/SITE-GRANDE3-300x68.png 300w, https:\/\/radiostudiow.com.br\/site\/wp-content\/uploads\/2025\/01\/SITE-GRANDE3-768x175.png 768w\" sizes=\"auto, (max-width: 897px) 100vw, 897px\" \/><\/figure>\n\n\n\n<p>Os policiais realizaram buscas na regi\u00e3o, mas o suspeito n\u00e3o foi localizado. At\u00e9 o momento, a identidade do autor permanece desconhecida.<\/p>\n\n\n\n<p>Um boletim de ocorr\u00eancia foi confeccionado para registro do fato.<\/p>\n","protected":false},"excerpt":{"rendered":"<p>Na madrugada desta segunda-feira (25), por volta das 3h40, a Pol\u00edcia Militar de Rebou\u00e7as foi acionada para atender a uma ocorr\u00eancia de dano ao patrim\u00f4nio em um hotel localizado na \u00e1rea central da cidade. De acordo com o solicitante, um homem trajando cal\u00e7a jeans e sem camiseta entrou no hall de entrada do estabelecimento e [&hellip;]<\/p>\n","protected":false},"author":2,"featured_media":32852,"comment_status":"open","ping_status":"open","sticky":false,"template":"","format":"standard","meta":{"footnotes":""},"categories":[2],"tags":[172],"class_list":["post-41767","post","type-post","status-publish","format-standard","has-post-thumbnail","hentry","category-policial","tag-featured"],"amp_enabled":true,"_links":{"self":[{"href":"https:\/\/radiostudiow.com.br\/site\/wp-json\/wp\/v2\/posts\/41767","targetHints":{"allow":["GET"]}}],"collection":[{"href":"https:\/\/radiostudiow.com.br\/site\/wp-json\/wp\/v2\/posts"}],"about":[{"href":"https:\/\/radiostudiow.com.br\/site\/wp-json\/wp\/v2\/types\/post"}],"author":[{"embeddable":true,"href":"https:\/\/radiostudiow.com.br\/site\/wp-json\/wp\/v2\/users\/2"}],"replies":[{"embeddable":true,"href":"https:\/\/radiostudiow.com.br\/site\/wp-json\/wp\/v2\/comments?post=41767"}],"version-history":[{"count":1,"href":"https:\/\/radiostudiow.com.br\/site\/wp-json\/wp\/v2\/posts\/41767\/revisions"}],"predecessor-version":[{"id":41768,"href":"https:\/\/radiostudiow.com.br\/site\/wp-json\/wp\/v2\/posts\/41767\/revisions\/41768"}],"wp:featuredmedia":[{"embeddable":true,"href":"https:\/\/radiostudiow.com.br\/site\/wp-json\/wp\/v2\/media\/32852"}],"wp:attachment":[{"href":"https:\/\/radiostudiow.com.br\/site\/wp-json\/wp\/v2\/media?parent=41767"}],"wp:term":[{"taxonomy":"category","embeddable":true,"href":"https:\/\/radiostudiow.com.br\/site\/wp-json\/wp\/v2\/categories?post=41767"},{"taxonomy":"post_tag","embeddable":true,"href":"https:\/\/radiostudiow.com.br\/site\/wp-json\/wp\/v2\/tags?post=41767"}],"curies":[{"name":"wp","href":"https:\/\/api.w.org\/{rel}","templated":true}]}}