{"id":41770,"date":"2025-08-27T11:21:31","date_gmt":"2025-08-27T14:21:31","guid":{"rendered":"https:\/\/radiostudiow.com.br\/site\/?p=41770"},"modified":"2025-08-27T11:21:32","modified_gmt":"2025-08-27T14:21:32","slug":"policia-civil-prende-homem-por-feminicidio-tentado-e-violencia-domestica-em-irati","status":"publish","type":"post","link":"https:\/\/radiostudiow.com.br\/site\/2025\/08\/27\/policia-civil-prende-homem-por-feminicidio-tentado-e-violencia-domestica-em-irati\/","title":{"rendered":"Pol\u00edcia Civil prende homem por feminic\u00eddio tentado e viol\u00eancia dom\u00e9stica em Irati"},"content":{"rendered":"\n<p>Durante a fuga, ele colocou a companheira em um ve\u00edculo e colidiu contra um poste, abandonando-a ferida no local para se evadir. Ambas as v\u00edtimas precisaram de atendimento m\u00e9dico em unidades de sa\u00fade da cidade.<\/p>\n\n\n\n<p>Na tarde desta segunda-feira (25\/08), a Pol\u00edcia Civil do Paran\u00e1, atrav\u00e9s da 41\u00aa Delegacia Regional de Pol\u00edcia Civil de Irati, prendeu um homem (32 anos) investigado pelos crimes de feminic\u00eddio tentado e viol\u00eancia dom\u00e9stica contra sua companheira e enteada. A pris\u00e3o ocorreu por volta das 17h, na comunidade do Pinho, zona rural do munic\u00edpio.<\/p>\n\n\n\n<figure class=\"wp-block-image size-full\"><img loading=\"lazy\" decoding=\"async\" width=\"598\" height=\"204\" src=\"https:\/\/radiostudiow.com.br\/site\/wp-content\/uploads\/2025\/01\/SITE-MEDIO7.png\" alt=\"\" class=\"wp-image-32801\" srcset=\"https:\/\/radiostudiow.com.br\/site\/wp-content\/uploads\/2025\/01\/SITE-MEDIO7.png 598w, https:\/\/radiostudiow.com.br\/site\/wp-content\/uploads\/2025\/01\/SITE-MEDIO7-300x102.png 300w\" sizes=\"auto, (max-width: 598px) 100vw, 598px\" \/><\/figure>\n\n\n\n<p>O caso teve in\u00edcio em 17 de agosto de 2025, quando policiais militares atenderam a uma ocorr\u00eancia de agress\u00e3o em contexto de viol\u00eancia dom\u00e9stica. Na ocasi\u00e3o, o investigado, de posse de um fac\u00e3o, teria golpeado sua convivente com golpes na cabe\u00e7a e tamb\u00e9m a enteada, que tentou defend\u00ea-la.<\/p>\n\n\n\n<p>As investiga\u00e7\u00f5es foram conduzidas pela PCPR, que representou pelas medidas cab\u00edveis, culminando na localiza\u00e7\u00e3o e pris\u00e3o do autor ontem \u00e0 tarde.<\/p>\n\n\n\n<p>O investigado foi conduzido \u00e0 Cadeia P\u00fablica de Irati, onde permanece \u00e0 disposi\u00e7\u00e3o da Justi\u00e7a.<\/p>\n\n\n\n<figure class=\"wp-block-image size-full\"><img loading=\"lazy\" decoding=\"async\" width=\"598\" height=\"204\" src=\"https:\/\/radiostudiow.com.br\/site\/wp-content\/uploads\/2025\/05\/BEAZY.jpg.png\" alt=\"\" class=\"wp-image-38197\" srcset=\"https:\/\/radiostudiow.com.br\/site\/wp-content\/uploads\/2025\/05\/BEAZY.jpg.png 598w, https:\/\/radiostudiow.com.br\/site\/wp-content\/uploads\/2025\/05\/BEAZY.jpg-300x102.png 300w\" sizes=\"auto, (max-width: 598px) 100vw, 598px\" \/><\/figure>\n\n\n\n<blockquote class=\"wp-block-quote is-layout-flow wp-block-quote-is-layout-flow\">\n<p class=\"has-text-align-center\"><strong><em>A PCPR refor\u00e7a que atua de forma cont\u00ednua no enfrentamento \u00e0 viol\u00eancia contra a mulher e solicita o apoio da popula\u00e7\u00e3o para denunciar casos semelhantes. As den\u00fancias podem ser feitas de forma an\u00f4nima pelos n\u00fameros 197 (Pol\u00edcia Civil) e 181 (Disque-Den\u00fancia).<\/em><\/strong><\/p>\n<\/blockquote>\n\n\n\n<p class=\"has-text-align-center\"><em>Informa\u00e7\u00f5es Delegacia de Pol\u00edcia Civil de Irati\/Imagem Divulga\u00e7\u00e3o\/Rep\u00f3rter Kiko de Oliveira<\/em><\/p>\n","protected":false},"excerpt":{"rendered":"<p>Durante a fuga, ele colocou a companheira em um ve\u00edculo e colidiu contra um poste, abandonando-a ferida no local para se evadir. Ambas as v\u00edtimas precisaram de atendimento m\u00e9dico em unidades de sa\u00fade da cidade. Na tarde desta segunda-feira (25\/08), a Pol\u00edcia Civil do Paran\u00e1, atrav\u00e9s da 41\u00aa Delegacia Regional de Pol\u00edcia Civil de Irati, [&hellip;]<\/p>\n","protected":false},"author":2,"featured_media":41771,"comment_status":"open","ping_status":"open","sticky":false,"template":"","format":"standard","meta":{"footnotes":""},"categories":[2],"tags":[172],"class_list":["post-41770","post","type-post","status-publish","format-standard","has-post-thumbnail","hentry","category-policial","tag-featured"],"amp_enabled":true,"_links":{"self":[{"href":"https:\/\/radiostudiow.com.br\/site\/wp-json\/wp\/v2\/posts\/41770","targetHints":{"allow":["GET"]}}],"collection":[{"href":"https:\/\/radiostudiow.com.br\/site\/wp-json\/wp\/v2\/posts"}],"about":[{"href":"https:\/\/radiostudiow.com.br\/site\/wp-json\/wp\/v2\/types\/post"}],"author":[{"embeddable":true,"href":"https:\/\/radiostudiow.com.br\/site\/wp-json\/wp\/v2\/users\/2"}],"replies":[{"embeddable":true,"href":"https:\/\/radiostudiow.com.br\/site\/wp-json\/wp\/v2\/comments?post=41770"}],"version-history":[{"count":1,"href":"https:\/\/radiostudiow.com.br\/site\/wp-json\/wp\/v2\/posts\/41770\/revisions"}],"predecessor-version":[{"id":41772,"href":"https:\/\/radiostudiow.com.br\/site\/wp-json\/wp\/v2\/posts\/41770\/revisions\/41772"}],"wp:featuredmedia":[{"embeddable":true,"href":"https:\/\/radiostudiow.com.br\/site\/wp-json\/wp\/v2\/media\/41771"}],"wp:attachment":[{"href":"https:\/\/radiostudiow.com.br\/site\/wp-json\/wp\/v2\/media?parent=41770"}],"wp:term":[{"taxonomy":"category","embeddable":true,"href":"https:\/\/radiostudiow.com.br\/site\/wp-json\/wp\/v2\/categories?post=41770"},{"taxonomy":"post_tag","embeddable":true,"href":"https:\/\/radiostudiow.com.br\/site\/wp-json\/wp\/v2\/tags?post=41770"}],"curies":[{"name":"wp","href":"https:\/\/api.w.org\/{rel}","templated":true}]}}