{"id":41773,"date":"2025-08-27T11:34:43","date_gmt":"2025-08-27T14:34:43","guid":{"rendered":"https:\/\/radiostudiow.com.br\/site\/?p=41773"},"modified":"2025-08-27T11:34:44","modified_gmt":"2025-08-27T14:34:44","slug":"pc-de-imbituva-prende-autores-de-roubo-e-tentativa-de-homicidio","status":"publish","type":"post","link":"https:\/\/radiostudiow.com.br\/site\/2025\/08\/27\/pc-de-imbituva-prende-autores-de-roubo-e-tentativa-de-homicidio\/","title":{"rendered":"PC de Imbituva prende autores de roubo e tentativa de homic\u00eddio"},"content":{"rendered":"\n<p>A equipe da Pol\u00edcia Civil de Imbituva prendeu duas pessoas nesta ter\u00e7a-feira. Um homem, de 39 anos, foi preso ap\u00f3s cometer um roubo em uma padaria em Guamiranga (24). Ele possu\u00eda um mandado de pris\u00e3o e foi conduzido para a Delegacia de Irati.<\/p>\n\n\n\n<figure class=\"wp-block-image size-full\"><img loading=\"lazy\" decoding=\"async\" width=\"897\" height=\"204\" src=\"https:\/\/radiostudiow.com.br\/site\/wp-content\/uploads\/2025\/05\/NUTRI-MALLET.png\" alt=\"\" class=\"wp-image-37813\" srcset=\"https:\/\/radiostudiow.com.br\/site\/wp-content\/uploads\/2025\/05\/NUTRI-MALLET.png 897w, https:\/\/radiostudiow.com.br\/site\/wp-content\/uploads\/2025\/05\/NUTRI-MALLET-300x68.png 300w, https:\/\/radiostudiow.com.br\/site\/wp-content\/uploads\/2025\/05\/NUTRI-MALLET-768x175.png 768w\" sizes=\"auto, (max-width: 897px) 100vw, 897px\" \/><\/figure>\n\n\n\n<p>J\u00e1 em Iva\u00ed, um homem, de 23 anos, foi preso por uma tentativa de homic\u00eddio, no dia 5 de julho. &nbsp;Ele foi localizado na casa de sua m\u00e3e na localidade de Bom Jardim do Sul. O homem foi encaminhado para a Delegacia de Irati. Conforme a Pol\u00edcia Civil, a v\u00edtima foi atingida com tr\u00eas disparos de arma de fogo.<\/p>\n\n\n\n<blockquote class=\"wp-block-quote is-layout-flow wp-block-quote-is-layout-flow\">\n<p class=\"has-text-align-center\">A Pol\u00edcia Civil de Imbituva tamb\u00e9m pede a colabora\u00e7\u00e3o da popula\u00e7\u00e3o com informa\u00e7\u00f5es que auxiliem investiga\u00e7\u00f5es e na localiza\u00e7\u00e3o de foragidos da justi\u00e7a. As den\u00fancias tamb\u00e9m podem ser feitas nos n\u00fameros 181, 197 e no WhatsApp do setor de investiga\u00e7\u00e3o no n\u00famero 3436-1177.<\/p>\n<\/blockquote>\n","protected":false},"excerpt":{"rendered":"<p>A equipe da Pol\u00edcia Civil de Imbituva prendeu duas pessoas nesta ter\u00e7a-feira. Um homem, de 39 anos, foi preso ap\u00f3s cometer um roubo em uma padaria em Guamiranga (24). Ele possu\u00eda um mandado de pris\u00e3o e foi conduzido para a Delegacia de Irati. J\u00e1 em Iva\u00ed, um homem, de 23 anos, foi preso por uma [&hellip;]<\/p>\n","protected":false},"author":2,"featured_media":41774,"comment_status":"open","ping_status":"open","sticky":false,"template":"","format":"standard","meta":{"footnotes":""},"categories":[2],"tags":[172],"class_list":["post-41773","post","type-post","status-publish","format-standard","has-post-thumbnail","hentry","category-policial","tag-featured"],"amp_enabled":true,"_links":{"self":[{"href":"https:\/\/radiostudiow.com.br\/site\/wp-json\/wp\/v2\/posts\/41773","targetHints":{"allow":["GET"]}}],"collection":[{"href":"https:\/\/radiostudiow.com.br\/site\/wp-json\/wp\/v2\/posts"}],"about":[{"href":"https:\/\/radiostudiow.com.br\/site\/wp-json\/wp\/v2\/types\/post"}],"author":[{"embeddable":true,"href":"https:\/\/radiostudiow.com.br\/site\/wp-json\/wp\/v2\/users\/2"}],"replies":[{"embeddable":true,"href":"https:\/\/radiostudiow.com.br\/site\/wp-json\/wp\/v2\/comments?post=41773"}],"version-history":[{"count":1,"href":"https:\/\/radiostudiow.com.br\/site\/wp-json\/wp\/v2\/posts\/41773\/revisions"}],"predecessor-version":[{"id":41775,"href":"https:\/\/radiostudiow.com.br\/site\/wp-json\/wp\/v2\/posts\/41773\/revisions\/41775"}],"wp:featuredmedia":[{"embeddable":true,"href":"https:\/\/radiostudiow.com.br\/site\/wp-json\/wp\/v2\/media\/41774"}],"wp:attachment":[{"href":"https:\/\/radiostudiow.com.br\/site\/wp-json\/wp\/v2\/media?parent=41773"}],"wp:term":[{"taxonomy":"category","embeddable":true,"href":"https:\/\/radiostudiow.com.br\/site\/wp-json\/wp\/v2\/categories?post=41773"},{"taxonomy":"post_tag","embeddable":true,"href":"https:\/\/radiostudiow.com.br\/site\/wp-json\/wp\/v2\/tags?post=41773"}],"curies":[{"name":"wp","href":"https:\/\/api.w.org\/{rel}","templated":true}]}}