{"id":41782,"date":"2025-08-28T09:56:31","date_gmt":"2025-08-28T12:56:31","guid":{"rendered":"https:\/\/radiostudiow.com.br\/site\/?p=41782"},"modified":"2025-08-28T09:56:31","modified_gmt":"2025-08-28T12:56:31","slug":"policia-militar-prende-homem-por-posse-ilegal-de-arma-de-fogo-um-uniao-da-vitoria","status":"publish","type":"post","link":"https:\/\/radiostudiow.com.br\/site\/2025\/08\/28\/policia-militar-prende-homem-por-posse-ilegal-de-arma-de-fogo-um-uniao-da-vitoria\/","title":{"rendered":"Pol\u00edcia Militar prende homem por posse ilegal de arma de fogo um Uni\u00e3o da Vit\u00f3ria"},"content":{"rendered":"\n<figure class=\"wp-block-image size-full\"><img loading=\"lazy\" decoding=\"async\" width=\"897\" height=\"204\" src=\"https:\/\/radiostudiow.com.br\/site\/wp-content\/uploads\/2025\/03\/image-62.png\" alt=\"\" class=\"wp-image-35859\" srcset=\"https:\/\/radiostudiow.com.br\/site\/wp-content\/uploads\/2025\/03\/image-62.png 897w, https:\/\/radiostudiow.com.br\/site\/wp-content\/uploads\/2025\/03\/image-62-300x68.png 300w, https:\/\/radiostudiow.com.br\/site\/wp-content\/uploads\/2025\/03\/image-62-768x175.png 768w\" sizes=\"auto, (max-width: 897px) 100vw, 897px\" \/><\/figure>\n\n\n\n<p><br>A equipe da Pol\u00edcia Militar  ROTAM de Uni\u00e3o da Vit\u00f3ria, recebeu informa\u00e7\u00e3o sobre ca\u00e7a ilegal e posse irregular de arma de fogo na localidade de Pinhal\u00e3o por volta das 13h45min dessa quinta-feira (27).<\/p>\n\n\n\n<p>No local, os policiais lograram \u00eaxito na apreens\u00e3o de uma espingarda mais muni\u00e7\u00f5es, propriet\u00e1rio foi qualificado e a arma apresentada na Delegacia de Pol\u00edcia Civil.<\/p>\n\n\n\n<p><\/p>\n","protected":false},"excerpt":{"rendered":"<p>A equipe da Pol\u00edcia Militar ROTAM de Uni\u00e3o da Vit\u00f3ria, recebeu informa\u00e7\u00e3o sobre ca\u00e7a ilegal e posse irregular de arma de fogo na localidade de Pinhal\u00e3o por volta das 13h45min dessa quinta-feira (27). No local, os policiais lograram \u00eaxito na apreens\u00e3o de uma espingarda mais muni\u00e7\u00f5es, propriet\u00e1rio foi qualificado e a arma apresentada na Delegacia [&hellip;]<\/p>\n","protected":false},"author":2,"featured_media":41783,"comment_status":"open","ping_status":"open","sticky":false,"template":"","format":"standard","meta":{"footnotes":""},"categories":[2],"tags":[172],"class_list":["post-41782","post","type-post","status-publish","format-standard","has-post-thumbnail","hentry","category-policial","tag-featured"],"amp_enabled":true,"_links":{"self":[{"href":"https:\/\/radiostudiow.com.br\/site\/wp-json\/wp\/v2\/posts\/41782","targetHints":{"allow":["GET"]}}],"collection":[{"href":"https:\/\/radiostudiow.com.br\/site\/wp-json\/wp\/v2\/posts"}],"about":[{"href":"https:\/\/radiostudiow.com.br\/site\/wp-json\/wp\/v2\/types\/post"}],"author":[{"embeddable":true,"href":"https:\/\/radiostudiow.com.br\/site\/wp-json\/wp\/v2\/users\/2"}],"replies":[{"embeddable":true,"href":"https:\/\/radiostudiow.com.br\/site\/wp-json\/wp\/v2\/comments?post=41782"}],"version-history":[{"count":1,"href":"https:\/\/radiostudiow.com.br\/site\/wp-json\/wp\/v2\/posts\/41782\/revisions"}],"predecessor-version":[{"id":41784,"href":"https:\/\/radiostudiow.com.br\/site\/wp-json\/wp\/v2\/posts\/41782\/revisions\/41784"}],"wp:featuredmedia":[{"embeddable":true,"href":"https:\/\/radiostudiow.com.br\/site\/wp-json\/wp\/v2\/media\/41783"}],"wp:attachment":[{"href":"https:\/\/radiostudiow.com.br\/site\/wp-json\/wp\/v2\/media?parent=41782"}],"wp:term":[{"taxonomy":"category","embeddable":true,"href":"https:\/\/radiostudiow.com.br\/site\/wp-json\/wp\/v2\/categories?post=41782"},{"taxonomy":"post_tag","embeddable":true,"href":"https:\/\/radiostudiow.com.br\/site\/wp-json\/wp\/v2\/tags?post=41782"}],"curies":[{"name":"wp","href":"https:\/\/api.w.org\/{rel}","templated":true}]}}