{"id":41788,"date":"2025-08-28T10:48:32","date_gmt":"2025-08-28T13:48:32","guid":{"rendered":"https:\/\/radiostudiow.com.br\/site\/?p=41788"},"modified":"2025-08-28T10:59:04","modified_gmt":"2025-08-28T13:59:04","slug":"porto-uniao-celebra-66-anos-da-2a-companhia-do-3o-batalhao-da-pm","status":"publish","type":"post","link":"https:\/\/radiostudiow.com.br\/site\/2025\/08\/28\/porto-uniao-celebra-66-anos-da-2a-companhia-do-3o-batalhao-da-pm\/","title":{"rendered":"Porto Uni\u00e3o celebra 66 anos da 2\u00aa Companhia do 3\u00ba Batalh\u00e3o da PM"},"content":{"rendered":"\n<p>Porto Uni\u00e3o foi palco, na tarde desta quarta-feira (27), da solenidade em comemora\u00e7\u00e3o aos 66 anos de ativa\u00e7\u00e3o da&nbsp;<strong>2\u00aa Companhia do 3\u00ba Batalh\u00e3o de Pol\u00edcia Militar de Santa Catarina.<\/strong>&nbsp;O evento contou com a presen\u00e7a de autoridades civis e militares, familiares e convidados, e marcou a entrega de honrarias a policiais e cidad\u00e3os que contribuem significativamente para a seguran\u00e7a p\u00fablica da regi\u00e3o.<\/p>\n\n\n\n<p>Durante a cerim\u00f4nia, foram entregues a Honraria Sangue do Contestado ao&nbsp;<strong>Major PM Paulo Ricardo Galle<\/strong>, subcomandante do 3\u00ba Batalh\u00e3o, e a&nbsp;<strong>Claudinei Gastaldon<\/strong>, gerente do Sicoob de Porto Uni\u00e3o. O Trof\u00e9u Amigo da 2\u00aa Companhia foi conferido ao prefeito de Porto Uni\u00e3o,<strong>&nbsp;Juliano Hassan<\/strong>, em reconhecimento \u00e0 colabora\u00e7\u00e3o que fortalece o trabalho da Pol\u00edcia Militar junto \u00e0 comunidade.<\/p>\n\n\n\n<figure class=\"wp-block-image size-full\"><img loading=\"lazy\" decoding=\"async\" width=\"897\" height=\"204\" src=\"https:\/\/radiostudiow.com.br\/site\/wp-content\/uploads\/2025\/06\/BARROS.png\" alt=\"\" class=\"wp-image-39575\" srcset=\"https:\/\/radiostudiow.com.br\/site\/wp-content\/uploads\/2025\/06\/BARROS.png 897w, https:\/\/radiostudiow.com.br\/site\/wp-content\/uploads\/2025\/06\/BARROS-300x68.png 300w, https:\/\/radiostudiow.com.br\/site\/wp-content\/uploads\/2025\/06\/BARROS-768x175.png 768w\" sizes=\"auto, (max-width: 897px) 100vw, 897px\" \/><\/figure>\n\n\n\n<figure class=\"wp-block-image size-full\"><img loading=\"lazy\" decoding=\"async\" width=\"1024\" height=\"576\" src=\"https:\/\/radiostudiow.com.br\/site\/wp-content\/uploads\/2025\/08\/image-108.png\" alt=\"\" class=\"wp-image-41790\" srcset=\"https:\/\/radiostudiow.com.br\/site\/wp-content\/uploads\/2025\/08\/image-108.png 1024w, https:\/\/radiostudiow.com.br\/site\/wp-content\/uploads\/2025\/08\/image-108-300x169.png 300w, https:\/\/radiostudiow.com.br\/site\/wp-content\/uploads\/2025\/08\/image-108-768x432.png 768w\" sizes=\"auto, (max-width: 1024px) 100vw, 1024px\" \/><figcaption class=\"wp-element-caption\"><em>Fotos: Ricardo Silveira<\/em><br><a href=\"https:\/\/www.vvale.com.br\/jornalocomercio\/especial\/porto-uniao-celebra-66-anos-da-2a-companhia-do-3o-batalhao-da-pm\/attachment\/20250827_154922\/\"><\/a><\/figcaption><\/figure>\n\n\n\n<p><a href=\"https:\/\/www.vvale.com.br\/jornalocomercio\/especial\/porto-uniao-celebra-66-anos-da-2a-companhia-do-3o-batalhao-da-pm\/attachment\/20250827_162311\/\"><\/a>O comandante da 2\u00aa Companhia,&nbsp;<strong>Capit\u00e3o Luiz Fernando Pezzini<\/strong>, destacou a relev\u00e2ncia da data.<\/p>\n\n\n\n<blockquote class=\"wp-block-quote is-layout-flow wp-block-quote-is-layout-flow\">\n<p>\u201cHoje celebramos muito mais do que um anivers\u00e1rio, celebramos 66 anos de hist\u00f3ria, de luta e de entrega. Cada policial que j\u00e1 passou por essas fileiras contribuiu para construir uma hist\u00f3ria de coragem e comprometimento. Continuaremos firmes, lado a lado, enfrentando os desafios que vir\u00e3o, sempre guiados pelos valores que nos sustentam, honra e disciplina, lealdade e respeito ao pr\u00f3ximo.\u201d<\/p>\n<\/blockquote>\n\n\n\n<p>A&nbsp;<strong>Coronel Arlene Souza da Silva Viella<\/strong>, comandante do 12\u00ba Comando Regional de Pol\u00edcia Militar, tamb\u00e9m parabenizou a unidade e refor\u00e7ou a import\u00e2ncia da presen\u00e7a humana e do trabalho di\u00e1rio da corpora\u00e7\u00e3o.<\/p>\n\n\n\n<blockquote class=\"wp-block-quote is-layout-flow wp-block-quote-is-layout-flow\">\n<p>\u201cPorto Uni\u00e3o, 66 anos com essa unidade, mostra o compromisso da Pol\u00edcia Militar em construir solu\u00e7\u00f5es junto \u00e0 comunidade, fortalecendo a confian\u00e7a e o v\u00ednculo com os cidad\u00e3os. Estar presente, cumprimentando os homenageados, \u00e9 um momento que jamais poderia ser substitu\u00eddo por um evento online.\u201d<\/p>\n<\/blockquote>\n\n\n\n<p><a href=\"https:\/\/www.vvale.com.br\/jornalocomercio\/especial\/porto-uniao-celebra-66-anos-da-2a-companhia-do-3o-batalhao-da-pm\/attachment\/20250827_155804\/\"><\/a><\/p>\n\n\n\n<figure class=\"wp-block-image size-full\"><img loading=\"lazy\" decoding=\"async\" width=\"1024\" height=\"576\" src=\"https:\/\/radiostudiow.com.br\/site\/wp-content\/uploads\/2025\/08\/image-109.png\" alt=\"\" class=\"wp-image-41791\" srcset=\"https:\/\/radiostudiow.com.br\/site\/wp-content\/uploads\/2025\/08\/image-109.png 1024w, https:\/\/radiostudiow.com.br\/site\/wp-content\/uploads\/2025\/08\/image-109-300x169.png 300w, https:\/\/radiostudiow.com.br\/site\/wp-content\/uploads\/2025\/08\/image-109-768x432.png 768w\" sizes=\"auto, (max-width: 1024px) 100vw, 1024px\" \/><figcaption class=\"wp-element-caption\"><em>Fotos: Ricardo Silveira<\/em><br><a href=\"https:\/\/www.vvale.com.br\/jornalocomercio\/especial\/porto-uniao-celebra-66-anos-da-2a-companhia-do-3o-batalhao-da-pm\/attachment\/20250827_154922\/\"><\/a><\/figcaption><\/figure>\n\n\n\n<figure class=\"wp-block-image size-full\"><img loading=\"lazy\" decoding=\"async\" width=\"897\" height=\"207\" src=\"https:\/\/radiostudiow.com.br\/site\/wp-content\/uploads\/2025\/07\/TIJOLAO.png\" alt=\"\" class=\"wp-image-40184\" srcset=\"https:\/\/radiostudiow.com.br\/site\/wp-content\/uploads\/2025\/07\/TIJOLAO.png 897w, https:\/\/radiostudiow.com.br\/site\/wp-content\/uploads\/2025\/07\/TIJOLAO-300x69.png 300w, https:\/\/radiostudiow.com.br\/site\/wp-content\/uploads\/2025\/07\/TIJOLAO-768x177.png 768w\" sizes=\"auto, (max-width: 897px) 100vw, 897px\" \/><\/figure>\n\n\n\n<p id=\"caption-attachment-26404\">A solenidade ainda contemplou a entrega das Medalhas por Tempo de Servi\u00e7o (10 e 20 anos), Moeda Comemorativa do 12\u00ba Comando Regional e Elogios a policiais que se destacaram em a\u00e7\u00f5es de resgate e atendimento \u00e0 popula\u00e7\u00e3o. Entre os homenageados por salvar uma crian\u00e7a de cinco meses est\u00e3o:<\/p>\n\n\n\n<ul class=\"wp-block-list\">\n<li>SGT PM \u00c9der Skibinski Ferreira<\/li>\n\n\n\n<li>SGT PM Thiago Willian Eduardo da Silva<\/li>\n\n\n\n<li>CB PM Mark Eriksson Meminai Reolon<\/li>\n\n\n\n<li>CB PM Fernando Rodrigo Repukna<\/li>\n\n\n\n<li>CB PM C\u00e9sar Augusto da Silva J\u00fanior<\/li>\n<\/ul>\n\n\n\n<p>Outros policiais receberam elogios pelo desempenho exemplar no servi\u00e7o:<\/p>\n\n\n\n<ul class=\"wp-block-list\">\n<li>3\u00ba SGT PM Clayton Marcos Clever<\/li>\n\n\n\n<li>3\u00ba SGT PM Rocheli Mascarello<\/li>\n\n\n\n<li>Cabo PM Marcos Aur\u00e9lio Ariatti<\/li>\n\n\n\n<li>Cabo PM Madleine Danieli Ghidini Ferreira<\/li>\n<\/ul>\n\n\n\n<p>As Medalhas por Tempo de Servi\u00e7o foram entregues aos seguintes profissionais:<\/p>\n\n\n\n<p>10 anos de servi\u00e7o<\/p>\n\n\n\n<ul class=\"wp-block-list\">\n<li>3\u00ba SGT Rocheli Mascarello<\/li>\n\n\n\n<li>3\u00ba SGT Walmir Jos\u00e9 Soares J\u00fanior<\/li>\n\n\n\n<li>CB PM Jaqueline Aparecida Viero<\/li>\n\n\n\n<li>CB PM Danilo Fernando Bauer<\/li>\n\n\n\n<li>CB PM Chiara Silveira Assun\u00e7\u00e3o Matozo<\/li>\n\n\n\n<li>CB PM Fernanda F. Sivick Naconeski<\/li>\n\n\n\n<li>CB PM Ivanildo da Cunha Rodrigues<\/li>\n\n\n\n<li>CB PM Tiago Soares<\/li>\n\n\n\n<li>CB PM Fernando Rodrigo Repukna<\/li>\n\n\n\n<li>CB PM Airton Jos\u00e9 Vladcovski<\/li>\n\n\n\n<li>CB PM Claudio Luis Brexi Prosperiter<\/li>\n\n\n\n<li>CB PM Nildo Juliano Kruger<\/li>\n\n\n\n<li>CB PM Roney Randig<\/li>\n\n\n\n<li>CB PM Felipe Andr\u00e9 Fernandes Dias<\/li>\n\n\n\n<li>CB PM Marcos Fernando Iltchechen<\/li>\n<\/ul>\n\n\n\n<p>20 anos de servi\u00e7o<\/p>\n\n\n\n<ul class=\"wp-block-list\">\n<li>3\u00ba SGT Marcelo Wonsowski<\/li>\n<\/ul>\n\n\n\n<p>A celebra\u00e7\u00e3o refor\u00e7ou o papel da Pol\u00edcia Militar na preserva\u00e7\u00e3o da ordem p\u00fablica, destacando o comprometimento de seus profissionais e a parceria com cidad\u00e3os que fortalecem a seguran\u00e7a em Porto Uni\u00e3o e na regi\u00e3o do Planalto Norte.<\/p>\n\n\n\n<p><em>Fotos: Ricardo Silveira<\/em><\/p>\n","protected":false},"excerpt":{"rendered":"<p>Porto Uni\u00e3o foi palco, na tarde desta quarta-feira (27), da solenidade em comemora\u00e7\u00e3o aos 66 anos de ativa\u00e7\u00e3o da&nbsp;2\u00aa Companhia do 3\u00ba Batalh\u00e3o de Pol\u00edcia Militar de Santa Catarina.&nbsp;O evento contou com a presen\u00e7a de autoridades civis e militares, familiares e convidados, e marcou a entrega de honrarias a policiais e cidad\u00e3os que contribuem significativamente [&hellip;]<\/p>\n","protected":false},"author":2,"featured_media":41792,"comment_status":"open","ping_status":"open","sticky":false,"template":"","format":"standard","meta":{"footnotes":""},"categories":[2],"tags":[172],"class_list":["post-41788","post","type-post","status-publish","format-standard","has-post-thumbnail","hentry","category-policial","tag-featured"],"amp_enabled":true,"_links":{"self":[{"href":"https:\/\/radiostudiow.com.br\/site\/wp-json\/wp\/v2\/posts\/41788","targetHints":{"allow":["GET"]}}],"collection":[{"href":"https:\/\/radiostudiow.com.br\/site\/wp-json\/wp\/v2\/posts"}],"about":[{"href":"https:\/\/radiostudiow.com.br\/site\/wp-json\/wp\/v2\/types\/post"}],"author":[{"embeddable":true,"href":"https:\/\/radiostudiow.com.br\/site\/wp-json\/wp\/v2\/users\/2"}],"replies":[{"embeddable":true,"href":"https:\/\/radiostudiow.com.br\/site\/wp-json\/wp\/v2\/comments?post=41788"}],"version-history":[{"count":3,"href":"https:\/\/radiostudiow.com.br\/site\/wp-json\/wp\/v2\/posts\/41788\/revisions"}],"predecessor-version":[{"id":41799,"href":"https:\/\/radiostudiow.com.br\/site\/wp-json\/wp\/v2\/posts\/41788\/revisions\/41799"}],"wp:featuredmedia":[{"embeddable":true,"href":"https:\/\/radiostudiow.com.br\/site\/wp-json\/wp\/v2\/media\/41792"}],"wp:attachment":[{"href":"https:\/\/radiostudiow.com.br\/site\/wp-json\/wp\/v2\/media?parent=41788"}],"wp:term":[{"taxonomy":"category","embeddable":true,"href":"https:\/\/radiostudiow.com.br\/site\/wp-json\/wp\/v2\/categories?post=41788"},{"taxonomy":"post_tag","embeddable":true,"href":"https:\/\/radiostudiow.com.br\/site\/wp-json\/wp\/v2\/tags?post=41788"}],"curies":[{"name":"wp","href":"https:\/\/api.w.org\/{rel}","templated":true}]}}