{"id":41794,"date":"2025-08-28T10:57:51","date_gmt":"2025-08-28T13:57:51","guid":{"rendered":"https:\/\/radiostudiow.com.br\/site\/?p=41794"},"modified":"2025-08-28T18:55:33","modified_gmt":"2025-08-28T21:55:33","slug":"delegado-de-sao-mateus-do-sul-esclarece-investigacao-sobre-a-morte-de-jovem","status":"publish","type":"post","link":"https:\/\/radiostudiow.com.br\/site\/2025\/08\/28\/delegado-de-sao-mateus-do-sul-esclarece-investigacao-sobre-a-morte-de-jovem\/","title":{"rendered":"Delegado de S\u00e3o Mateus do Sul esclarece investiga\u00e7\u00e3o sobre a morte de jovem"},"content":{"rendered":"\n<p class=\"has-text-align-center\"><em>Da reda\u00e7\u00e3o: Portal RDX<\/em><\/p>\n\n\n\n<p>A imprensa de S\u00e3o Mateus do Sul participou nesta quinta-feira (28), de uma coletiva realizada na Delegacia da Pol\u00edcia Civil, que trouxe esclarecimentos sobre o assassinato de&nbsp;Lucas Kuzma Rocha, de 18 anos, ocorrido em 8 de julho na Vila Bom Jesus.&nbsp;A entrevista foi feita com o delegado Vin\u00edcius Fernandes.<\/p>\n\n\n\n<figure class=\"wp-block-image size-full\"><img loading=\"lazy\" decoding=\"async\" width=\"897\" height=\"204\" src=\"https:\/\/radiostudiow.com.br\/site\/wp-content\/uploads\/2025\/05\/NUTRI-MALLET.png\" alt=\"\" class=\"wp-image-37813\" srcset=\"https:\/\/radiostudiow.com.br\/site\/wp-content\/uploads\/2025\/05\/NUTRI-MALLET.png 897w, https:\/\/radiostudiow.com.br\/site\/wp-content\/uploads\/2025\/05\/NUTRI-MALLET-300x68.png 300w, https:\/\/radiostudiow.com.br\/site\/wp-content\/uploads\/2025\/05\/NUTRI-MALLET-768x175.png 768w\" sizes=\"auto, (max-width: 897px) 100vw, 897px\" \/><\/figure>\n\n\n\n<p>Lucas foi esfaqueado no bairro Vila Bom Jesus e chegou a ser socorrido com vida, mas n\u00e3o resistiu aos ferimentos. A investiga\u00e7\u00e3o come\u00e7ou imediatamente ap\u00f3s o crime e, em menos de dois meses,&nbsp;resultou no indiciamento de quatro adultos e na apreens\u00e3o de dois adolescentes,&nbsp;todos apontados como envolvidos no homic\u00eddio.<\/p>\n\n\n\n<p>Segundo o delegado, as apura\u00e7\u00f5es envolveram um trabalho exaustivo de an\u00e1lise de c\u00e2meras de monitoramento e oitivas de testemunhas. As imagens ajudaram a identificar os envolvidos, que estariam cercando a v\u00edtima e impedindo sua fuga.&nbsp;O crime, conforme apontado pela Pol\u00edcia Civil, teria sido motivado por disputas relacionadas ao tr\u00e1fico de drogas.&nbsp;A v\u00edtima estaria vendendo entorpecentes em uma \u00e1rea dominada por outro grupo, o que teria irritado supostos l\u00edderes locais.<\/p>\n\n\n\n<figure class=\"wp-block-image size-full\"><img loading=\"lazy\" decoding=\"async\" width=\"897\" height=\"204\" src=\"https:\/\/radiostudiow.com.br\/site\/wp-content\/uploads\/2024\/01\/SITE-GRANDE3.png\" alt=\"zaions\" class=\"wp-image-18936\" srcset=\"https:\/\/radiostudiow.com.br\/site\/wp-content\/uploads\/2024\/01\/SITE-GRANDE3.png 897w, https:\/\/radiostudiow.com.br\/site\/wp-content\/uploads\/2024\/01\/SITE-GRANDE3-300x68.png 300w, https:\/\/radiostudiow.com.br\/site\/wp-content\/uploads\/2024\/01\/SITE-GRANDE3-768x175.png 768w\" sizes=\"auto, (max-width: 897px) 100vw, 897px\" \/><\/figure>\n\n\n\n<p><strong><em>Al\u00e9m dos executores diretos, tamb\u00e9m foi identificado um poss\u00edvel mandante do crime. \u201cA investiga\u00e7\u00e3o revelou que Lucas foi atra\u00eddo at\u00e9 o local por uma pessoa de confian\u00e7a, com quem havia trocado mensagens antes do crime\u201d<\/em><\/strong><em>, detalhou o delegado.<\/em><\/p>\n\n\n\n<p>Vin\u00edcius Fernandes tamb\u00e9m esclareceu que, apesar da proximidade dos casos, n\u00e3o houve rela\u00e7\u00e3o entre esse homic\u00eddio e outro ocorrido dias depois, na Vila Amaral, que vitimou um jovem identificado como Igor. Nesse segundo caso, um adolescente foi apreendido e outro autor est\u00e1 foragido.<\/p>\n\n\n\n<p>O delegado destacou ainda o apoio \u00e1gil do Minist\u00e9rio P\u00fablico e do Poder Judici\u00e1rio local para a emiss\u00e3o de mandados de pris\u00e3o dos envolvidos no crime.<\/p>\n","protected":false},"excerpt":{"rendered":"<p>Da reda\u00e7\u00e3o: Portal RDX A imprensa de S\u00e3o Mateus do Sul participou nesta quinta-feira (28), de uma coletiva realizada na Delegacia da Pol\u00edcia Civil, que trouxe esclarecimentos sobre o assassinato de&nbsp;Lucas Kuzma Rocha, de 18 anos, ocorrido em 8 de julho na Vila Bom Jesus.&nbsp;A entrevista foi feita com o delegado Vin\u00edcius Fernandes. Lucas foi [&hellip;]<\/p>\n","protected":false},"author":2,"featured_media":41795,"comment_status":"open","ping_status":"open","sticky":false,"template":"","format":"standard","meta":{"footnotes":""},"categories":[2],"tags":[172],"class_list":["post-41794","post","type-post","status-publish","format-standard","has-post-thumbnail","hentry","category-policial","tag-featured"],"amp_enabled":true,"_links":{"self":[{"href":"https:\/\/radiostudiow.com.br\/site\/wp-json\/wp\/v2\/posts\/41794","targetHints":{"allow":["GET"]}}],"collection":[{"href":"https:\/\/radiostudiow.com.br\/site\/wp-json\/wp\/v2\/posts"}],"about":[{"href":"https:\/\/radiostudiow.com.br\/site\/wp-json\/wp\/v2\/types\/post"}],"author":[{"embeddable":true,"href":"https:\/\/radiostudiow.com.br\/site\/wp-json\/wp\/v2\/users\/2"}],"replies":[{"embeddable":true,"href":"https:\/\/radiostudiow.com.br\/site\/wp-json\/wp\/v2\/comments?post=41794"}],"version-history":[{"count":2,"href":"https:\/\/radiostudiow.com.br\/site\/wp-json\/wp\/v2\/posts\/41794\/revisions"}],"predecessor-version":[{"id":41840,"href":"https:\/\/radiostudiow.com.br\/site\/wp-json\/wp\/v2\/posts\/41794\/revisions\/41840"}],"wp:featuredmedia":[{"embeddable":true,"href":"https:\/\/radiostudiow.com.br\/site\/wp-json\/wp\/v2\/media\/41795"}],"wp:attachment":[{"href":"https:\/\/radiostudiow.com.br\/site\/wp-json\/wp\/v2\/media?parent=41794"}],"wp:term":[{"taxonomy":"category","embeddable":true,"href":"https:\/\/radiostudiow.com.br\/site\/wp-json\/wp\/v2\/categories?post=41794"},{"taxonomy":"post_tag","embeddable":true,"href":"https:\/\/radiostudiow.com.br\/site\/wp-json\/wp\/v2\/tags?post=41794"}],"curies":[{"name":"wp","href":"https:\/\/api.w.org\/{rel}","templated":true}]}}