{"id":41804,"date":"2025-08-28T11:28:07","date_gmt":"2025-08-28T14:28:07","guid":{"rendered":"https:\/\/radiostudiow.com.br\/site\/?p=41804"},"modified":"2025-08-28T18:53:34","modified_gmt":"2025-08-28T21:53:34","slug":"morre-vitima-de-acidente-na-br-153-em-irati","status":"publish","type":"post","link":"https:\/\/radiostudiow.com.br\/site\/2025\/08\/28\/morre-vitima-de-acidente-na-br-153-em-irati\/","title":{"rendered":"Morre v\u00edtima de acidente na BR-153 em Irati"},"content":{"rendered":"\n<p class=\"has-text-align-center\"><em>Da reda\u00e7\u00e3o: R\u00e1dio Naju\u00e1 &#8211; Irati<\/em><\/p>\n\n\n\n<p>Faleceu nesta quarta-feira, 27 de agosto, Iolanda Rodrigues Duda, 71 anos, que era passageira de um carro que se envolveu em um&nbsp;acidente de tr\u00e2nsito na BR-153, em Irati, por volta das 11 horas na manh\u00e3 do \u00faltimo domingo (24).<\/p>\n\n\n\n<p>Na ocasi\u00e3o, um Chevrolet Cruze e um Fiat Pulse colidiram frontalmente nas proximidades do restaurante Fog\u00e3o a Lenha, no per\u00edmetro urbano da rodovia.<\/p>\n\n\n\n<p>Iolanda, que era passageira do Cruze, sofreu ferimentos graves e foi encaminhada \u00e0 Santa Casa de Irati. Por\u00e9m, ela n\u00e3o resistiu aos ferimentos e faleceu nesta quarta, tr\u00eas dias ap\u00f3s o acidente.<\/p>\n\n\n\n<figure class=\"wp-block-image size-full\"><img loading=\"lazy\" decoding=\"async\" width=\"598\" height=\"204\" src=\"https:\/\/radiostudiow.com.br\/site\/wp-content\/uploads\/2025\/01\/SITE-MEDIO7.png\" alt=\"\" class=\"wp-image-32801\" srcset=\"https:\/\/radiostudiow.com.br\/site\/wp-content\/uploads\/2025\/01\/SITE-MEDIO7.png 598w, https:\/\/radiostudiow.com.br\/site\/wp-content\/uploads\/2025\/01\/SITE-MEDIO7-300x102.png 300w\" sizes=\"auto, (max-width: 598px) 100vw, 598px\" \/><\/figure>\n\n\n\n<p>O corpo de Iolanda aguarda libera\u00e7\u00e3o do Instituto M\u00e9dico Legal (IML) de Uni\u00e3o da Vit\u00f3ria. O vel\u00f3rio ser\u00e1 realizado na&nbsp;Comunidade Alcance, em Irati, ainda sem previs\u00e3o de in\u00edcio.<\/p>\n\n\n\n<p>No dia do acidente, o motorista do Cruze, de 33 anos, n\u00e3o se feriu. J\u00e1 o condutor do Pulse, de 18 anos, sofreu ferimentos leves e foi encaminhado ao Pronto Atendimento Municipal pela equipe do Samu.<\/p>\n\n\n\n<p>As equipes da Guarda Municipal e da Pol\u00edcia Rodovi\u00e1ria Federal (PRF) prestaram atendimento no local. Segundo relat\u00f3rio da Guarda Municipal, algumas pessoas relataram que o condutor do Pulse estava realizando ultrapassagens em alta velocidade antes da batida.<\/p>\n\n\n\n<figure class=\"wp-block-image size-full\"><img loading=\"lazy\" decoding=\"async\" width=\"598\" height=\"204\" src=\"https:\/\/radiostudiow.com.br\/site\/wp-content\/uploads\/2024\/01\/SITE-MEDIO.png\" alt=\"\" class=\"wp-image-18916\" srcset=\"https:\/\/radiostudiow.com.br\/site\/wp-content\/uploads\/2024\/01\/SITE-MEDIO.png 598w, https:\/\/radiostudiow.com.br\/site\/wp-content\/uploads\/2024\/01\/SITE-MEDIO-300x102.png 300w\" sizes=\"auto, (max-width: 598px) 100vw, 598px\" \/><\/figure>\n\n\n\n<figure class=\"wp-block-image\"><img decoding=\"async\" src=\"https:\/\/media-najua.sfo3.cdn.digitaloceanspaces.com\/2025\/08\/acidente-153-1024x1024.jpg\" alt=\"Nota de falecimento de Iolanda Duda, que morreu tr\u00eas dias ap\u00f3s acidente na BR-153, em Irati\" class=\"wp-image-49248\"\/><figcaption class=\"wp-element-caption\"><em>Nota de falecimento de Iolanda Duda, que morreu tr\u00eas dias ap\u00f3s acidente na BR-153, em Irati. Foto: Funer\u00e1ria Buss<br><\/em><\/figcaption><\/figure>\n\n\n\n<p class=\"has-text-align-center\"><em>Fonte: R\u00e1dio Naju\u00e1 &#8211; Irati<\/em><\/p>\n\n\n\n<p><\/p>\n","protected":false},"excerpt":{"rendered":"<p>Da reda\u00e7\u00e3o: R\u00e1dio Naju\u00e1 &#8211; Irati Faleceu nesta quarta-feira, 27 de agosto, Iolanda Rodrigues Duda, 71 anos, que era passageira de um carro que se envolveu em um&nbsp;acidente de tr\u00e2nsito na BR-153, em Irati, por volta das 11 horas na manh\u00e3 do \u00faltimo domingo (24). Na ocasi\u00e3o, um Chevrolet Cruze e um Fiat Pulse colidiram [&hellip;]<\/p>\n","protected":false},"author":2,"featured_media":41805,"comment_status":"open","ping_status":"open","sticky":false,"template":"","format":"standard","meta":{"footnotes":""},"categories":[2],"tags":[172],"class_list":["post-41804","post","type-post","status-publish","format-standard","has-post-thumbnail","hentry","category-policial","tag-featured"],"amp_enabled":true,"_links":{"self":[{"href":"https:\/\/radiostudiow.com.br\/site\/wp-json\/wp\/v2\/posts\/41804","targetHints":{"allow":["GET"]}}],"collection":[{"href":"https:\/\/radiostudiow.com.br\/site\/wp-json\/wp\/v2\/posts"}],"about":[{"href":"https:\/\/radiostudiow.com.br\/site\/wp-json\/wp\/v2\/types\/post"}],"author":[{"embeddable":true,"href":"https:\/\/radiostudiow.com.br\/site\/wp-json\/wp\/v2\/users\/2"}],"replies":[{"embeddable":true,"href":"https:\/\/radiostudiow.com.br\/site\/wp-json\/wp\/v2\/comments?post=41804"}],"version-history":[{"count":3,"href":"https:\/\/radiostudiow.com.br\/site\/wp-json\/wp\/v2\/posts\/41804\/revisions"}],"predecessor-version":[{"id":41836,"href":"https:\/\/radiostudiow.com.br\/site\/wp-json\/wp\/v2\/posts\/41804\/revisions\/41836"}],"wp:featuredmedia":[{"embeddable":true,"href":"https:\/\/radiostudiow.com.br\/site\/wp-json\/wp\/v2\/media\/41805"}],"wp:attachment":[{"href":"https:\/\/radiostudiow.com.br\/site\/wp-json\/wp\/v2\/media?parent=41804"}],"wp:term":[{"taxonomy":"category","embeddable":true,"href":"https:\/\/radiostudiow.com.br\/site\/wp-json\/wp\/v2\/categories?post=41804"},{"taxonomy":"post_tag","embeddable":true,"href":"https:\/\/radiostudiow.com.br\/site\/wp-json\/wp\/v2\/tags?post=41804"}],"curies":[{"name":"wp","href":"https:\/\/api.w.org\/{rel}","templated":true}]}}