{"id":41815,"date":"2025-08-28T16:58:06","date_gmt":"2025-08-28T19:58:06","guid":{"rendered":"https:\/\/radiostudiow.com.br\/site\/?p=41815"},"modified":"2025-08-28T18:55:03","modified_gmt":"2025-08-28T21:55:03","slug":"homem-e-preso-em-palmeira-por-abusos-sexuais-contra-irma-menor","status":"publish","type":"post","link":"https:\/\/radiostudiow.com.br\/site\/2025\/08\/28\/homem-e-preso-em-palmeira-por-abusos-sexuais-contra-irma-menor\/","title":{"rendered":"Homem \u00e9 preso em Palmeira por abusos sexuais contra irm\u00e3 menor"},"content":{"rendered":"\n<p class=\"has-text-align-center\"><em>Da reda\u00e7\u00e3o: V.Vale<\/em><\/p>\n\n\n\n<p>A Delegacia de Pol\u00edcia Civil de Palmeira prendeu, na manh\u00e3 desta quarta-feira (28), um homem de 21 anos acusado de crimes sexuais contra sua irm\u00e3 menor de idade, no contexto de viol\u00eancia dom\u00e9stica. A pris\u00e3o ocorreu por meio de Mandado de Pris\u00e3o Preventiva.<\/p>\n\n\n\n<figure class=\"wp-block-image size-full\"><img loading=\"lazy\" decoding=\"async\" width=\"598\" height=\"204\" src=\"https:\/\/radiostudiow.com.br\/site\/wp-content\/uploads\/2025\/04\/BOROX.png\" alt=\"\" class=\"wp-image-37229\" srcset=\"https:\/\/radiostudiow.com.br\/site\/wp-content\/uploads\/2025\/04\/BOROX.png 598w, https:\/\/radiostudiow.com.br\/site\/wp-content\/uploads\/2025\/04\/BOROX-300x102.png 300w\" sizes=\"auto, (max-width: 598px) 100vw, 598px\" \/><\/figure>\n\n\n\n<p>As investiga\u00e7\u00f5es apontam que o suspeito, identificado pelas iniciais A.V.N., usu\u00e1rio de drogas, praticou atos libidinosos reiterados entre meados de 2023 e o final de 2024. Os abusos come\u00e7aram com toques indesejados e culminaram na conjun\u00e7\u00e3o carnal em setembro de 2024, quando a v\u00edtima teve as m\u00e3os amarradas e foi fisicamente constrangida.<\/p>\n\n\n\n<p>Durante os epis\u00f3dios, o agressor amea\u00e7ava de morte a irm\u00e3 e outros familiares, chegando a colocar uma faca contra o pesco\u00e7o da adolescente. A viol\u00eancia resultou em gesta\u00e7\u00e3o, que precisou ser interrompida.<\/p>\n\n\n\n<figure class=\"wp-block-image size-large is-resized\"><img loading=\"lazy\" decoding=\"async\" width=\"1024\" height=\"614\" src=\"https:\/\/radiostudiow.com.br\/site\/wp-content\/uploads\/2025\/05\/5914fcac-c2b4-4795-a120-dc162c4a6466-1024x614.jpg\" alt=\"\" class=\"wp-image-38784\" style=\"width:357px;height:auto\" srcset=\"https:\/\/radiostudiow.com.br\/site\/wp-content\/uploads\/2025\/05\/5914fcac-c2b4-4795-a120-dc162c4a6466-1024x614.jpg 1024w, https:\/\/radiostudiow.com.br\/site\/wp-content\/uploads\/2025\/05\/5914fcac-c2b4-4795-a120-dc162c4a6466-300x180.jpg 300w, https:\/\/radiostudiow.com.br\/site\/wp-content\/uploads\/2025\/05\/5914fcac-c2b4-4795-a120-dc162c4a6466-768x460.jpg 768w, https:\/\/radiostudiow.com.br\/site\/wp-content\/uploads\/2025\/05\/5914fcac-c2b4-4795-a120-dc162c4a6466-1536x921.jpg 1536w, https:\/\/radiostudiow.com.br\/site\/wp-content\/uploads\/2025\/05\/5914fcac-c2b4-4795-a120-dc162c4a6466-1000x600.jpg 1000w, https:\/\/radiostudiow.com.br\/site\/wp-content\/uploads\/2025\/05\/5914fcac-c2b4-4795-a120-dc162c4a6466-590x354.jpg 590w, https:\/\/radiostudiow.com.br\/site\/wp-content\/uploads\/2025\/05\/5914fcac-c2b4-4795-a120-dc162c4a6466-400x240.jpg 400w, https:\/\/radiostudiow.com.br\/site\/wp-content\/uploads\/2025\/05\/5914fcac-c2b4-4795-a120-dc162c4a6466.jpg 1600w\" sizes=\"auto, (max-width: 1024px) 100vw, 1024px\" \/><\/figure>\n\n\n\n<p>Ap\u00f3s os tr\u00e2mites policiais, o suspeito foi encaminhado ao Pres\u00eddio Hildebrando de Souza, em Ponta Grossa, permanecendo \u00e0 disposi\u00e7\u00e3o da Justi\u00e7a.<\/p>\n\n\n\n<p>O delegado Rodrigo Siqueira refor\u00e7ou a import\u00e2ncia de denunciar casos de viol\u00eancia sexual \u00e0 Pol\u00edcia Civil, destacando que a comunica\u00e7\u00e3o desses crimes \u00e9 essencial para a prote\u00e7\u00e3o das v\u00edtimas.<\/p>\n","protected":false},"excerpt":{"rendered":"<p>Da reda\u00e7\u00e3o: V.Vale A Delegacia de Pol\u00edcia Civil de Palmeira prendeu, na manh\u00e3 desta quarta-feira (28), um homem de 21 anos acusado de crimes sexuais contra sua irm\u00e3 menor de idade, no contexto de viol\u00eancia dom\u00e9stica. A pris\u00e3o ocorreu por meio de Mandado de Pris\u00e3o Preventiva. As investiga\u00e7\u00f5es apontam que o suspeito, identificado pelas iniciais [&hellip;]<\/p>\n","protected":false},"author":2,"featured_media":41816,"comment_status":"open","ping_status":"open","sticky":false,"template":"","format":"standard","meta":{"footnotes":""},"categories":[2],"tags":[172],"class_list":["post-41815","post","type-post","status-publish","format-standard","has-post-thumbnail","hentry","category-policial","tag-featured"],"amp_enabled":true,"_links":{"self":[{"href":"https:\/\/radiostudiow.com.br\/site\/wp-json\/wp\/v2\/posts\/41815","targetHints":{"allow":["GET"]}}],"collection":[{"href":"https:\/\/radiostudiow.com.br\/site\/wp-json\/wp\/v2\/posts"}],"about":[{"href":"https:\/\/radiostudiow.com.br\/site\/wp-json\/wp\/v2\/types\/post"}],"author":[{"embeddable":true,"href":"https:\/\/radiostudiow.com.br\/site\/wp-json\/wp\/v2\/users\/2"}],"replies":[{"embeddable":true,"href":"https:\/\/radiostudiow.com.br\/site\/wp-json\/wp\/v2\/comments?post=41815"}],"version-history":[{"count":2,"href":"https:\/\/radiostudiow.com.br\/site\/wp-json\/wp\/v2\/posts\/41815\/revisions"}],"predecessor-version":[{"id":41839,"href":"https:\/\/radiostudiow.com.br\/site\/wp-json\/wp\/v2\/posts\/41815\/revisions\/41839"}],"wp:featuredmedia":[{"embeddable":true,"href":"https:\/\/radiostudiow.com.br\/site\/wp-json\/wp\/v2\/media\/41816"}],"wp:attachment":[{"href":"https:\/\/radiostudiow.com.br\/site\/wp-json\/wp\/v2\/media?parent=41815"}],"wp:term":[{"taxonomy":"category","embeddable":true,"href":"https:\/\/radiostudiow.com.br\/site\/wp-json\/wp\/v2\/categories?post=41815"},{"taxonomy":"post_tag","embeddable":true,"href":"https:\/\/radiostudiow.com.br\/site\/wp-json\/wp\/v2\/tags?post=41815"}],"curies":[{"name":"wp","href":"https:\/\/api.w.org\/{rel}","templated":true}]}}