{"id":41821,"date":"2025-08-28T17:23:44","date_gmt":"2025-08-28T20:23:44","guid":{"rendered":"https:\/\/radiostudiow.com.br\/site\/?p=41821"},"modified":"2025-08-28T18:54:07","modified_gmt":"2025-08-28T21:54:07","slug":"feto-e-encontrado-em-recipiente-de-vidro-em-bituruna","status":"publish","type":"post","link":"https:\/\/radiostudiow.com.br\/site\/2025\/08\/28\/feto-e-encontrado-em-recipiente-de-vidro-em-bituruna\/","title":{"rendered":"Feto \u00e9 encontrado em recipiente de vidro em Bituruna"},"content":{"rendered":"\n<p class=\"has-text-align-center\"><em>Da reda\u00e7\u00e3o: V.Vale<\/em><\/p>\n\n\n\n<p>Um feto foi encontrado dentro de um recipiente de vidro em Bituruna, na \u00e1rea onde est\u00e1 sendo constru\u00edda uma nova rua atr\u00e1s do Hospital Municipal.<\/p>\n\n\n\n<p>O caso foi registrado na tarde desta quinta-feira (28).<\/p>\n\n\n\n<figure class=\"wp-block-image size-full\"><img loading=\"lazy\" decoding=\"async\" width=\"300\" height=\"180\" src=\"https:\/\/radiostudiow.com.br\/site\/wp-content\/uploads\/2025\/07\/nacionalgas.png\" alt=\"\" class=\"wp-image-40603\"\/><\/figure>\n\n\n\n<p>A Pol\u00edcia Cient\u00edfica foi acionada para realizar a per\u00edcia no local. O laudo dever\u00e1 determinar o sexo e a idade gestacional do feto, informa\u00e7\u00f5es que ainda n\u00e3o foram confirmadas pelas autoridades.<\/p>\n\n\n\n<p>Novas atualiza\u00e7\u00f5es sobre o caso ser\u00e3o divulgadas assim que os resultados da per\u00edcia estiverem dispon\u00edveis.<\/p>\n\n\n\n<p><\/p>\n","protected":false},"excerpt":{"rendered":"<p>Da reda\u00e7\u00e3o: V.Vale Um feto foi encontrado dentro de um recipiente de vidro em Bituruna, na \u00e1rea onde est\u00e1 sendo constru\u00edda uma nova rua atr\u00e1s do Hospital Municipal. O caso foi registrado na tarde desta quinta-feira (28). A Pol\u00edcia Cient\u00edfica foi acionada para realizar a per\u00edcia no local. O laudo dever\u00e1 determinar o sexo e [&hellip;]<\/p>\n","protected":false},"author":2,"featured_media":41822,"comment_status":"open","ping_status":"open","sticky":false,"template":"","format":"standard","meta":{"footnotes":""},"categories":[2],"tags":[172],"class_list":["post-41821","post","type-post","status-publish","format-standard","has-post-thumbnail","hentry","category-policial","tag-featured"],"amp_enabled":true,"_links":{"self":[{"href":"https:\/\/radiostudiow.com.br\/site\/wp-json\/wp\/v2\/posts\/41821","targetHints":{"allow":["GET"]}}],"collection":[{"href":"https:\/\/radiostudiow.com.br\/site\/wp-json\/wp\/v2\/posts"}],"about":[{"href":"https:\/\/radiostudiow.com.br\/site\/wp-json\/wp\/v2\/types\/post"}],"author":[{"embeddable":true,"href":"https:\/\/radiostudiow.com.br\/site\/wp-json\/wp\/v2\/users\/2"}],"replies":[{"embeddable":true,"href":"https:\/\/radiostudiow.com.br\/site\/wp-json\/wp\/v2\/comments?post=41821"}],"version-history":[{"count":2,"href":"https:\/\/radiostudiow.com.br\/site\/wp-json\/wp\/v2\/posts\/41821\/revisions"}],"predecessor-version":[{"id":41838,"href":"https:\/\/radiostudiow.com.br\/site\/wp-json\/wp\/v2\/posts\/41821\/revisions\/41838"}],"wp:featuredmedia":[{"embeddable":true,"href":"https:\/\/radiostudiow.com.br\/site\/wp-json\/wp\/v2\/media\/41822"}],"wp:attachment":[{"href":"https:\/\/radiostudiow.com.br\/site\/wp-json\/wp\/v2\/media?parent=41821"}],"wp:term":[{"taxonomy":"category","embeddable":true,"href":"https:\/\/radiostudiow.com.br\/site\/wp-json\/wp\/v2\/categories?post=41821"},{"taxonomy":"post_tag","embeddable":true,"href":"https:\/\/radiostudiow.com.br\/site\/wp-json\/wp\/v2\/tags?post=41821"}],"curies":[{"name":"wp","href":"https:\/\/api.w.org\/{rel}","templated":true}]}}