{"id":41824,"date":"2025-08-28T17:43:23","date_gmt":"2025-08-28T20:43:23","guid":{"rendered":"https:\/\/radiostudiow.com.br\/site\/?p=41824"},"modified":"2025-08-28T19:15:14","modified_gmt":"2025-08-28T22:15:14","slug":"plantao-grave-acidente-deixa-vitimas-fatais-na-br-153-entre-rio-azul-e-reboucas","status":"publish","type":"post","link":"https:\/\/radiostudiow.com.br\/site\/2025\/08\/28\/plantao-grave-acidente-deixa-vitimas-fatais-na-br-153-entre-rio-azul-e-reboucas\/","title":{"rendered":"PLANT\u00c3O! Grave acidente deixa v\u00edtimas fatais na BR-153 entre Rio Azul e Rebou\u00e7as"},"content":{"rendered":"\n<p>Grave acidente envolvendo um ve\u00edculo Celta e uma caminhonete na localidade de Potinga, BR-153, regi\u00e3o que faz divisa entre os munic\u00edpios de Rebou\u00e7as e Rio Azul durante a tarde dessa quinta-feira (28).<\/p>\n\n\n\n<p>Infelizmente, duas pessoas que estavam no Celta entraram em \u00f3bito ainda no local. Uma terceira v\u00edtima sofreu ferimentos e foi atendida pelas equipes de socorro.<\/p>\n\n\n\n<p>A equipe da Pol\u00edcia Rodovi\u00e1ria Federal (PRF) e a Per\u00edcia, estiveram no local prestando atendimento e apurando as causas do acidente. <em>At\u00e9 o momento n\u00e3o foi divulgado as identidades das v\u00edtimas pelas autoridades<\/em>.<\/p>\n\n\n\n<figure class=\"wp-block-image size-full\"><img loading=\"lazy\" decoding=\"async\" width=\"598\" height=\"204\" src=\"https:\/\/radiostudiow.com.br\/site\/wp-content\/uploads\/2025\/04\/BOROX.png\" alt=\"\" class=\"wp-image-37229\" srcset=\"https:\/\/radiostudiow.com.br\/site\/wp-content\/uploads\/2025\/04\/BOROX.png 598w, https:\/\/radiostudiow.com.br\/site\/wp-content\/uploads\/2025\/04\/BOROX-300x102.png 300w\" sizes=\"auto, (max-width: 598px) 100vw, 598px\" \/><\/figure>\n","protected":false},"excerpt":{"rendered":"<p>Grave acidente envolvendo um ve\u00edculo Celta e uma caminhonete na localidade de Potinga, BR-153, regi\u00e3o que faz divisa entre os munic\u00edpios de Rebou\u00e7as e Rio Azul durante a tarde dessa quinta-feira (28). Infelizmente, duas pessoas que estavam no Celta entraram em \u00f3bito ainda no local. Uma terceira v\u00edtima sofreu ferimentos e foi atendida pelas equipes [&hellip;]<\/p>\n","protected":false},"author":2,"featured_media":41825,"comment_status":"open","ping_status":"open","sticky":false,"template":"","format":"standard","meta":{"footnotes":""},"categories":[185],"tags":[172],"class_list":["post-41824","post","type-post","status-publish","format-standard","has-post-thumbnail","hentry","category-regional","tag-featured"],"amp_enabled":true,"_links":{"self":[{"href":"https:\/\/radiostudiow.com.br\/site\/wp-json\/wp\/v2\/posts\/41824","targetHints":{"allow":["GET"]}}],"collection":[{"href":"https:\/\/radiostudiow.com.br\/site\/wp-json\/wp\/v2\/posts"}],"about":[{"href":"https:\/\/radiostudiow.com.br\/site\/wp-json\/wp\/v2\/types\/post"}],"author":[{"embeddable":true,"href":"https:\/\/radiostudiow.com.br\/site\/wp-json\/wp\/v2\/users\/2"}],"replies":[{"embeddable":true,"href":"https:\/\/radiostudiow.com.br\/site\/wp-json\/wp\/v2\/comments?post=41824"}],"version-history":[{"count":2,"href":"https:\/\/radiostudiow.com.br\/site\/wp-json\/wp\/v2\/posts\/41824\/revisions"}],"predecessor-version":[{"id":41846,"href":"https:\/\/radiostudiow.com.br\/site\/wp-json\/wp\/v2\/posts\/41824\/revisions\/41846"}],"wp:featuredmedia":[{"embeddable":true,"href":"https:\/\/radiostudiow.com.br\/site\/wp-json\/wp\/v2\/media\/41825"}],"wp:attachment":[{"href":"https:\/\/radiostudiow.com.br\/site\/wp-json\/wp\/v2\/media?parent=41824"}],"wp:term":[{"taxonomy":"category","embeddable":true,"href":"https:\/\/radiostudiow.com.br\/site\/wp-json\/wp\/v2\/categories?post=41824"},{"taxonomy":"post_tag","embeddable":true,"href":"https:\/\/radiostudiow.com.br\/site\/wp-json\/wp\/v2\/tags?post=41824"}],"curies":[{"name":"wp","href":"https:\/\/api.w.org\/{rel}","templated":true}]}}