{"id":41847,"date":"2025-08-29T09:35:49","date_gmt":"2025-08-29T12:35:49","guid":{"rendered":"https:\/\/radiostudiow.com.br\/site\/?p=41847"},"modified":"2025-08-29T09:44:48","modified_gmt":"2025-08-29T12:44:48","slug":"vitimas-sao-identificadas-em-grave-acidente-na-br-153-em-reboucas","status":"publish","type":"post","link":"https:\/\/radiostudiow.com.br\/site\/2025\/08\/29\/vitimas-sao-identificadas-em-grave-acidente-na-br-153-em-reboucas\/","title":{"rendered":"V\u00edtimas s\u00e3o identificadas em grave acidente na BR-153 em Rebou\u00e7as"},"content":{"rendered":"\n<p>Um grave acidente foi registrado na tarde desta quinta-feira (28), por volta das 15h, no km 353 da BR-153, na localidade de Potinga, em Rebou\u00e7as, pr\u00f3ximo \u00e0 divisa com Rio Azul.<\/p>\n\n\n\n<p>A colis\u00e3o frontal envolveu um Celta vermelho, com placas de Rebou\u00e7as (PR), e uma caminhonete Ranger branca, com placas de Ventania (PR).<\/p>\n\n\n\n<figure class=\"wp-block-image size-full\"><img loading=\"lazy\" decoding=\"async\" width=\"897\" height=\"204\" src=\"https:\/\/radiostudiow.com.br\/site\/wp-content\/uploads\/2025\/03\/image-62.png\" alt=\"\" class=\"wp-image-35859\" srcset=\"https:\/\/radiostudiow.com.br\/site\/wp-content\/uploads\/2025\/03\/image-62.png 897w, https:\/\/radiostudiow.com.br\/site\/wp-content\/uploads\/2025\/03\/image-62-300x68.png 300w, https:\/\/radiostudiow.com.br\/site\/wp-content\/uploads\/2025\/03\/image-62-768x175.png 768w\" sizes=\"auto, (max-width: 897px) 100vw, 897px\" \/><\/figure>\n\n\n\n<p>Infelizmente, duas pessoas morreram no local: o condutor do Celta, Andr\u00e9 dos Santos Lima, de 38 anos, e sua m\u00e3e, Sebastiana Bueno dos Santos, de 58 anos, que estava como passageira. Um outro ocupante do carro, de 64 anos, sofreu ferimentos graves e foi encaminhado para atendimento m\u00e9dico.<\/p>\n\n\n\n<p>O motorista da caminhonete, de 37 anos, teve apenas ferimentos leves e tamb\u00e9m foi levado ao hospital.<\/p>\n\n\n\n<p>A Pol\u00edcia Rodovi\u00e1ria Federal (PRF) esteve no local para registrar a ocorr\u00eancia e orientar o tr\u00e2nsito na regi\u00e3o.<\/p>\n\n\n\n<figure class=\"wp-block-image size-full\"><img loading=\"lazy\" decoding=\"async\" width=\"897\" height=\"204\" src=\"https:\/\/radiostudiow.com.br\/site\/wp-content\/uploads\/2025\/06\/BARROS.png\" alt=\"\" class=\"wp-image-39575\" srcset=\"https:\/\/radiostudiow.com.br\/site\/wp-content\/uploads\/2025\/06\/BARROS.png 897w, https:\/\/radiostudiow.com.br\/site\/wp-content\/uploads\/2025\/06\/BARROS-300x68.png 300w, https:\/\/radiostudiow.com.br\/site\/wp-content\/uploads\/2025\/06\/BARROS-768x175.png 768w\" sizes=\"auto, (max-width: 897px) 100vw, 897px\" \/><\/figure>\n\n\n\n<p class=\"has-text-align-center\"><em>Fonte: PRF \/ Rep\u00f3rter Kiko de Oliveira<\/em><\/p>\n\n\n\n<figure class=\"wp-block-embed is-type-wp-embed is-provider-studio-w wp-block-embed-studio-w\"><div class=\"wp-block-embed__wrapper\">\n<blockquote class=\"wp-embedded-content\" data-secret=\"IbpK82ndhv\"><a href=\"https:\/\/radiostudiow.com.br\/site\/2025\/08\/28\/plantao-grave-acidente-deixa-vitimas-fatais-na-br-153-entre-rio-azul-e-reboucas\/\">PLANT\u00c3O! Grave acidente deixa v\u00edtimas fatais na BR-153 entre Rio Azul e Rebou\u00e7as<\/a><\/blockquote><iframe loading=\"lazy\" class=\"wp-embedded-content\" sandbox=\"allow-scripts\" security=\"restricted\" style=\"position: absolute; visibility: hidden;\" title=\"&#8220;PLANT\u00c3O! Grave acidente deixa v\u00edtimas fatais na BR-153 entre Rio Azul e Rebou\u00e7as&#8221; &#8212; Studio W\" src=\"https:\/\/radiostudiow.com.br\/site\/2025\/08\/28\/plantao-grave-acidente-deixa-vitimas-fatais-na-br-153-entre-rio-azul-e-reboucas\/embed\/#?secret=YYTMmUtFRZ#?secret=IbpK82ndhv\" data-secret=\"IbpK82ndhv\" width=\"600\" height=\"338\" frameborder=\"0\" marginwidth=\"0\" marginheight=\"0\" scrolling=\"no\"><\/iframe>\n<\/div><\/figure>\n\n\n\n<figure class=\"wp-block-image size-large\"><img loading=\"lazy\" decoding=\"async\" width=\"1024\" height=\"724\" src=\"https:\/\/radiostudiow.com.br\/site\/wp-content\/uploads\/2025\/08\/3842942a-770f-46e2-b667-0e8d210b2b06-1024x724.png\" alt=\"\" class=\"wp-image-41849\" srcset=\"https:\/\/radiostudiow.com.br\/site\/wp-content\/uploads\/2025\/08\/3842942a-770f-46e2-b667-0e8d210b2b06-1024x724.png 1024w, https:\/\/radiostudiow.com.br\/site\/wp-content\/uploads\/2025\/08\/3842942a-770f-46e2-b667-0e8d210b2b06-300x212.png 300w, https:\/\/radiostudiow.com.br\/site\/wp-content\/uploads\/2025\/08\/3842942a-770f-46e2-b667-0e8d210b2b06-768x543.png 768w, https:\/\/radiostudiow.com.br\/site\/wp-content\/uploads\/2025\/08\/3842942a-770f-46e2-b667-0e8d210b2b06.png 1134w\" sizes=\"auto, (max-width: 1024px) 100vw, 1024px\" \/><\/figure>\n","protected":false},"excerpt":{"rendered":"<p>Um grave acidente foi registrado na tarde desta quinta-feira (28), por volta das 15h, no km 353 da BR-153, na localidade de Potinga, em Rebou\u00e7as, pr\u00f3ximo \u00e0 divisa com Rio Azul. A colis\u00e3o frontal envolveu um Celta vermelho, com placas de Rebou\u00e7as (PR), e uma caminhonete Ranger branca, com placas de Ventania (PR). Infelizmente, duas [&hellip;]<\/p>\n","protected":false},"author":2,"featured_media":41848,"comment_status":"open","ping_status":"open","sticky":false,"template":"","format":"standard","meta":{"footnotes":""},"categories":[185],"tags":[172],"class_list":["post-41847","post","type-post","status-publish","format-standard","has-post-thumbnail","hentry","category-regional","tag-featured"],"amp_enabled":true,"_links":{"self":[{"href":"https:\/\/radiostudiow.com.br\/site\/wp-json\/wp\/v2\/posts\/41847","targetHints":{"allow":["GET"]}}],"collection":[{"href":"https:\/\/radiostudiow.com.br\/site\/wp-json\/wp\/v2\/posts"}],"about":[{"href":"https:\/\/radiostudiow.com.br\/site\/wp-json\/wp\/v2\/types\/post"}],"author":[{"embeddable":true,"href":"https:\/\/radiostudiow.com.br\/site\/wp-json\/wp\/v2\/users\/2"}],"replies":[{"embeddable":true,"href":"https:\/\/radiostudiow.com.br\/site\/wp-json\/wp\/v2\/comments?post=41847"}],"version-history":[{"count":2,"href":"https:\/\/radiostudiow.com.br\/site\/wp-json\/wp\/v2\/posts\/41847\/revisions"}],"predecessor-version":[{"id":41853,"href":"https:\/\/radiostudiow.com.br\/site\/wp-json\/wp\/v2\/posts\/41847\/revisions\/41853"}],"wp:featuredmedia":[{"embeddable":true,"href":"https:\/\/radiostudiow.com.br\/site\/wp-json\/wp\/v2\/media\/41848"}],"wp:attachment":[{"href":"https:\/\/radiostudiow.com.br\/site\/wp-json\/wp\/v2\/media?parent=41847"}],"wp:term":[{"taxonomy":"category","embeddable":true,"href":"https:\/\/radiostudiow.com.br\/site\/wp-json\/wp\/v2\/categories?post=41847"},{"taxonomy":"post_tag","embeddable":true,"href":"https:\/\/radiostudiow.com.br\/site\/wp-json\/wp\/v2\/tags?post=41847"}],"curies":[{"name":"wp","href":"https:\/\/api.w.org\/{rel}","templated":true}]}}