{"id":41851,"date":"2025-08-29T10:04:40","date_gmt":"2025-08-29T13:04:40","guid":{"rendered":"https:\/\/radiostudiow.com.br\/site\/?p=41851"},"modified":"2025-08-29T10:04:40","modified_gmt":"2025-08-29T13:04:40","slug":"policia-militar-cumpre-mandado-de-prisao-e-prende-homem-pela-pratica-do-crime-de-estupro-em-uniao-da-vitoria","status":"publish","type":"post","link":"https:\/\/radiostudiow.com.br\/site\/2025\/08\/29\/policia-militar-cumpre-mandado-de-prisao-e-prende-homem-pela-pratica-do-crime-de-estupro-em-uniao-da-vitoria\/","title":{"rendered":"Pol\u00edcia Militar cumpre mandado de pris\u00e3o e prende homem pela pr\u00e1tica do crime de estupro em Uni\u00e3o da Vit\u00f3ria"},"content":{"rendered":"\n<p>Guarni\u00e7\u00e3o da Pol\u00edcia Militar cumpriu mandado de pris\u00e3o expedido pela 1\u00aa Vara Criminal da Comarca de Uni\u00e3o da Vit\u00f3ria por volta das 07h45min dessa quinta-feira (28).<\/p>\n\n\n\n<p>Os policiais se deslocaram at\u00e9 o endere\u00e7o, no distrito de S\u00e3o Crist\u00f3v\u00e3o, constante nos autos, onde foi abordado o indiv\u00edduo constante no mandado judicial.<\/p>\n\n\n\n<figure class=\"wp-block-image size-full\"><img loading=\"lazy\" decoding=\"async\" width=\"897\" height=\"204\" src=\"https:\/\/radiostudiow.com.br\/site\/wp-content\/uploads\/2025\/03\/BARAO-NOVO-NOTICIAS-1.jpg\" alt=\"\" class=\"wp-image-35084\" srcset=\"https:\/\/radiostudiow.com.br\/site\/wp-content\/uploads\/2025\/03\/BARAO-NOVO-NOTICIAS-1.jpg 897w, https:\/\/radiostudiow.com.br\/site\/wp-content\/uploads\/2025\/03\/BARAO-NOVO-NOTICIAS-1-300x68.jpg 300w, https:\/\/radiostudiow.com.br\/site\/wp-content\/uploads\/2025\/03\/BARAO-NOVO-NOTICIAS-1-768x175.jpg 768w\" sizes=\"auto, (max-width: 897px) 100vw, 897px\" \/><\/figure>\n\n\n\n<p>Ap\u00f3s a confirma\u00e7\u00e3o da identidade por meio dos sistemas informatizados, o homem foi conduzido at\u00e9 o Departamento Penitenci\u00e1rio (DEPPEN) de Uni\u00e3o da Vit\u00f3ria.<\/p>\n\n\n\n<p>O procedimento foi finalizado com a entrega do preso ao sistema carcer\u00e1rio, dando cumprimento integral \u00e0 determina\u00e7\u00e3o judicial.<\/p>\n","protected":false},"excerpt":{"rendered":"<p>Guarni\u00e7\u00e3o da Pol\u00edcia Militar cumpriu mandado de pris\u00e3o expedido pela 1\u00aa Vara Criminal da Comarca de Uni\u00e3o da Vit\u00f3ria por volta das 07h45min dessa quinta-feira (28). Os policiais se deslocaram at\u00e9 o endere\u00e7o, no distrito de S\u00e3o Crist\u00f3v\u00e3o, constante nos autos, onde foi abordado o indiv\u00edduo constante no mandado judicial. Ap\u00f3s a confirma\u00e7\u00e3o da identidade [&hellip;]<\/p>\n","protected":false},"author":2,"featured_media":38326,"comment_status":"open","ping_status":"open","sticky":false,"template":"","format":"standard","meta":{"footnotes":""},"categories":[2],"tags":[172],"class_list":["post-41851","post","type-post","status-publish","format-standard","has-post-thumbnail","hentry","category-policial","tag-featured"],"amp_enabled":true,"_links":{"self":[{"href":"https:\/\/radiostudiow.com.br\/site\/wp-json\/wp\/v2\/posts\/41851","targetHints":{"allow":["GET"]}}],"collection":[{"href":"https:\/\/radiostudiow.com.br\/site\/wp-json\/wp\/v2\/posts"}],"about":[{"href":"https:\/\/radiostudiow.com.br\/site\/wp-json\/wp\/v2\/types\/post"}],"author":[{"embeddable":true,"href":"https:\/\/radiostudiow.com.br\/site\/wp-json\/wp\/v2\/users\/2"}],"replies":[{"embeddable":true,"href":"https:\/\/radiostudiow.com.br\/site\/wp-json\/wp\/v2\/comments?post=41851"}],"version-history":[{"count":2,"href":"https:\/\/radiostudiow.com.br\/site\/wp-json\/wp\/v2\/posts\/41851\/revisions"}],"predecessor-version":[{"id":41854,"href":"https:\/\/radiostudiow.com.br\/site\/wp-json\/wp\/v2\/posts\/41851\/revisions\/41854"}],"wp:featuredmedia":[{"embeddable":true,"href":"https:\/\/radiostudiow.com.br\/site\/wp-json\/wp\/v2\/media\/38326"}],"wp:attachment":[{"href":"https:\/\/radiostudiow.com.br\/site\/wp-json\/wp\/v2\/media?parent=41851"}],"wp:term":[{"taxonomy":"category","embeddable":true,"href":"https:\/\/radiostudiow.com.br\/site\/wp-json\/wp\/v2\/categories?post=41851"},{"taxonomy":"post_tag","embeddable":true,"href":"https:\/\/radiostudiow.com.br\/site\/wp-json\/wp\/v2\/tags?post=41851"}],"curies":[{"name":"wp","href":"https:\/\/api.w.org\/{rel}","templated":true}]}}