{"id":41861,"date":"2025-08-29T10:32:32","date_gmt":"2025-08-29T13:32:32","guid":{"rendered":"https:\/\/radiostudiow.com.br\/site\/?p=41861"},"modified":"2025-08-29T10:33:06","modified_gmt":"2025-08-29T13:33:06","slug":"policia-militar-prende-homem-por-trafico-de-drogas-em-general-carneiro-2","status":"publish","type":"post","link":"https:\/\/radiostudiow.com.br\/site\/2025\/08\/29\/policia-militar-prende-homem-por-trafico-de-drogas-em-general-carneiro-2\/","title":{"rendered":"Pol\u00edcia Militar prende homem por tr\u00e1fico de drogas em General Carneiro"},"content":{"rendered":"\n<figure class=\"wp-block-image size-full\"><img loading=\"lazy\" decoding=\"async\" width=\"598\" height=\"204\" src=\"https:\/\/radiostudiow.com.br\/site\/wp-content\/uploads\/2024\/01\/SITE-MEDIO.png\" alt=\"\" class=\"wp-image-18916\" srcset=\"https:\/\/radiostudiow.com.br\/site\/wp-content\/uploads\/2024\/01\/SITE-MEDIO.png 598w, https:\/\/radiostudiow.com.br\/site\/wp-content\/uploads\/2024\/01\/SITE-MEDIO-300x102.png 300w\" sizes=\"auto, (max-width: 598px) 100vw, 598px\" \/><\/figure>\n\n\n\n<p>Durante patrulhamento, a equipe da Pol\u00edcia Militar abordou um homem por atitude suspeita nas proximidades de uma unidade educacional no bairro S\u00e3o Jo\u00e3o.<\/p>\n\n\n\n<p>A situa\u00e7\u00e3o ocorreu por volta das 23h30min dessa quinta-feira (28).<\/p>\n\n\n\n<p>Ao notar a presen\u00e7a policial, o indiv\u00edduo tentou evadir-se, mas foi interceptado pela equipe.<\/p>\n\n\n\n<figure class=\"wp-block-image size-large is-resized\"><img loading=\"lazy\" decoding=\"async\" width=\"1024\" height=\"614\" src=\"https:\/\/radiostudiow.com.br\/site\/wp-content\/uploads\/2025\/05\/5914fcac-c2b4-4795-a120-dc162c4a6466-1024x614.jpg\" alt=\"\" class=\"wp-image-38784\" style=\"width:362px;height:auto\" srcset=\"https:\/\/radiostudiow.com.br\/site\/wp-content\/uploads\/2025\/05\/5914fcac-c2b4-4795-a120-dc162c4a6466-1024x614.jpg 1024w, https:\/\/radiostudiow.com.br\/site\/wp-content\/uploads\/2025\/05\/5914fcac-c2b4-4795-a120-dc162c4a6466-300x180.jpg 300w, https:\/\/radiostudiow.com.br\/site\/wp-content\/uploads\/2025\/05\/5914fcac-c2b4-4795-a120-dc162c4a6466-768x460.jpg 768w, https:\/\/radiostudiow.com.br\/site\/wp-content\/uploads\/2025\/05\/5914fcac-c2b4-4795-a120-dc162c4a6466-1536x921.jpg 1536w, https:\/\/radiostudiow.com.br\/site\/wp-content\/uploads\/2025\/05\/5914fcac-c2b4-4795-a120-dc162c4a6466-1000x600.jpg 1000w, https:\/\/radiostudiow.com.br\/site\/wp-content\/uploads\/2025\/05\/5914fcac-c2b4-4795-a120-dc162c4a6466-590x354.jpg 590w, https:\/\/radiostudiow.com.br\/site\/wp-content\/uploads\/2025\/05\/5914fcac-c2b4-4795-a120-dc162c4a6466-400x240.jpg 400w, https:\/\/radiostudiow.com.br\/site\/wp-content\/uploads\/2025\/05\/5914fcac-c2b4-4795-a120-dc162c4a6466.jpg 1600w\" sizes=\"auto, (max-width: 1024px) 100vw, 1024px\" \/><\/figure>\n\n\n\n<p>No interior de sua mochila, foram encontrados tabletes de subst\u00e2ncia an\u00e1loga \u00e0 maconha (553 gramas),<br>muni\u00e7\u00f5es e materiais utilizados para a pr\u00e1tica de tr\u00e1fico de drogas.<\/p>\n\n\n\n<p>O homem, que j\u00e1 possui registros policiais anteriores por crimes similares, foi preso em flagrante e<br>encaminhado \u00e0 delegacia em Uni\u00e3o da Vit\u00f3ria, juntamente com os materiais apreendidos.<\/p>\n","protected":false},"excerpt":{"rendered":"<p>Durante patrulhamento, a equipe da Pol\u00edcia Militar abordou um homem por atitude suspeita nas proximidades de uma unidade educacional no bairro S\u00e3o Jo\u00e3o. A situa\u00e7\u00e3o ocorreu por volta das 23h30min dessa quinta-feira (28). Ao notar a presen\u00e7a policial, o indiv\u00edduo tentou evadir-se, mas foi interceptado pela equipe. No interior de sua mochila, foram encontrados tabletes [&hellip;]<\/p>\n","protected":false},"author":2,"featured_media":41862,"comment_status":"open","ping_status":"open","sticky":false,"template":"","format":"standard","meta":{"footnotes":""},"categories":[2],"tags":[172],"class_list":["post-41861","post","type-post","status-publish","format-standard","has-post-thumbnail","hentry","category-policial","tag-featured"],"amp_enabled":true,"_links":{"self":[{"href":"https:\/\/radiostudiow.com.br\/site\/wp-json\/wp\/v2\/posts\/41861","targetHints":{"allow":["GET"]}}],"collection":[{"href":"https:\/\/radiostudiow.com.br\/site\/wp-json\/wp\/v2\/posts"}],"about":[{"href":"https:\/\/radiostudiow.com.br\/site\/wp-json\/wp\/v2\/types\/post"}],"author":[{"embeddable":true,"href":"https:\/\/radiostudiow.com.br\/site\/wp-json\/wp\/v2\/users\/2"}],"replies":[{"embeddable":true,"href":"https:\/\/radiostudiow.com.br\/site\/wp-json\/wp\/v2\/comments?post=41861"}],"version-history":[{"count":2,"href":"https:\/\/radiostudiow.com.br\/site\/wp-json\/wp\/v2\/posts\/41861\/revisions"}],"predecessor-version":[{"id":41864,"href":"https:\/\/radiostudiow.com.br\/site\/wp-json\/wp\/v2\/posts\/41861\/revisions\/41864"}],"wp:featuredmedia":[{"embeddable":true,"href":"https:\/\/radiostudiow.com.br\/site\/wp-json\/wp\/v2\/media\/41862"}],"wp:attachment":[{"href":"https:\/\/radiostudiow.com.br\/site\/wp-json\/wp\/v2\/media?parent=41861"}],"wp:term":[{"taxonomy":"category","embeddable":true,"href":"https:\/\/radiostudiow.com.br\/site\/wp-json\/wp\/v2\/categories?post=41861"},{"taxonomy":"post_tag","embeddable":true,"href":"https:\/\/radiostudiow.com.br\/site\/wp-json\/wp\/v2\/tags?post=41861"}],"curies":[{"name":"wp","href":"https:\/\/api.w.org\/{rel}","templated":true}]}}