{"id":41865,"date":"2025-08-29T10:57:08","date_gmt":"2025-08-29T13:57:08","guid":{"rendered":"https:\/\/radiostudiow.com.br\/site\/?p=41865"},"modified":"2025-08-29T10:57:08","modified_gmt":"2025-08-29T13:57:08","slug":"policia-militar-de-paula-freitas-cumpre-mandado-de-prisao","status":"publish","type":"post","link":"https:\/\/radiostudiow.com.br\/site\/2025\/08\/29\/policia-militar-de-paula-freitas-cumpre-mandado-de-prisao\/","title":{"rendered":"Pol\u00edcia Militar de Paula Freitas cumpre mandado de pris\u00e3o"},"content":{"rendered":"\n<figure class=\"wp-block-image size-full\"><img loading=\"lazy\" decoding=\"async\" width=\"897\" height=\"204\" src=\"https:\/\/radiostudiow.com.br\/site\/wp-content\/uploads\/2024\/01\/SITE-GRANDE3.png\" alt=\"zaions\" class=\"wp-image-18936\" srcset=\"https:\/\/radiostudiow.com.br\/site\/wp-content\/uploads\/2024\/01\/SITE-GRANDE3.png 897w, https:\/\/radiostudiow.com.br\/site\/wp-content\/uploads\/2024\/01\/SITE-GRANDE3-300x68.png 300w, https:\/\/radiostudiow.com.br\/site\/wp-content\/uploads\/2024\/01\/SITE-GRANDE3-768x175.png 768w\" sizes=\"auto, (max-width: 897px) 100vw, 897px\" \/><\/figure>\n\n\n\n<p>A equipe Policial Militar de Paula Freitas cumpriu mandado de pris\u00e3o expedido pela Vara da Fam\u00edlia da Comarca de Uni\u00e3o da Vit\u00f3ria por volta das 21h30min dessa quinta-feira (28).<\/p>\n\n\n\n<p>Ap\u00f3s o recebimento de informa\u00e7\u00f5es o indiv\u00edduo foi localizado pela equipe policial na localidade de Vargem Grande e foi conduzido ao sistema prisional de Uni\u00e3o da Vit\u00f3ria.<\/p>\n","protected":false},"excerpt":{"rendered":"<p>A equipe Policial Militar de Paula Freitas cumpriu mandado de pris\u00e3o expedido pela Vara da Fam\u00edlia da Comarca de Uni\u00e3o da Vit\u00f3ria por volta das 21h30min dessa quinta-feira (28). Ap\u00f3s o recebimento de informa\u00e7\u00f5es o indiv\u00edduo foi localizado pela equipe policial na localidade de Vargem Grande e foi conduzido ao sistema prisional de Uni\u00e3o da [&hellip;]<\/p>\n","protected":false},"author":2,"featured_media":32757,"comment_status":"open","ping_status":"open","sticky":false,"template":"","format":"standard","meta":{"footnotes":""},"categories":[2],"tags":[172],"class_list":["post-41865","post","type-post","status-publish","format-standard","has-post-thumbnail","hentry","category-policial","tag-featured"],"amp_enabled":true,"_links":{"self":[{"href":"https:\/\/radiostudiow.com.br\/site\/wp-json\/wp\/v2\/posts\/41865","targetHints":{"allow":["GET"]}}],"collection":[{"href":"https:\/\/radiostudiow.com.br\/site\/wp-json\/wp\/v2\/posts"}],"about":[{"href":"https:\/\/radiostudiow.com.br\/site\/wp-json\/wp\/v2\/types\/post"}],"author":[{"embeddable":true,"href":"https:\/\/radiostudiow.com.br\/site\/wp-json\/wp\/v2\/users\/2"}],"replies":[{"embeddable":true,"href":"https:\/\/radiostudiow.com.br\/site\/wp-json\/wp\/v2\/comments?post=41865"}],"version-history":[{"count":2,"href":"https:\/\/radiostudiow.com.br\/site\/wp-json\/wp\/v2\/posts\/41865\/revisions"}],"predecessor-version":[{"id":41867,"href":"https:\/\/radiostudiow.com.br\/site\/wp-json\/wp\/v2\/posts\/41865\/revisions\/41867"}],"wp:featuredmedia":[{"embeddable":true,"href":"https:\/\/radiostudiow.com.br\/site\/wp-json\/wp\/v2\/media\/32757"}],"wp:attachment":[{"href":"https:\/\/radiostudiow.com.br\/site\/wp-json\/wp\/v2\/media?parent=41865"}],"wp:term":[{"taxonomy":"category","embeddable":true,"href":"https:\/\/radiostudiow.com.br\/site\/wp-json\/wp\/v2\/categories?post=41865"},{"taxonomy":"post_tag","embeddable":true,"href":"https:\/\/radiostudiow.com.br\/site\/wp-json\/wp\/v2\/tags?post=41865"}],"curies":[{"name":"wp","href":"https:\/\/api.w.org\/{rel}","templated":true}]}}