{"id":4187,"date":"2021-10-27T15:19:17","date_gmt":"2021-10-27T18:19:17","guid":{"rendered":"https:\/\/radiostudiow.com.br\/site\/?p=4187"},"modified":"2025-01-31T15:12:24","modified_gmt":"2025-01-31T18:12:24","slug":"mais-uma-vez-caminhao-sobe-em-mureta-do-trevo-da-br-476-em-paulo-frontin","status":"publish","type":"post","link":"https:\/\/radiostudiow.com.br\/site\/2021\/10\/27\/mais-uma-vez-caminhao-sobe-em-mureta-do-trevo-da-br-476-em-paulo-frontin\/","title":{"rendered":"Mais uma vez caminh\u00e3o sobe em mureta do trevo da BR 476 em Paulo Frontin"},"content":{"rendered":"\n<p>A mureta que faz a divisa das pistas da BR-476 localizada no trevo de acesso ao munic\u00edpio de Paulo Frontin, fez mais uma v\u00edtima nesta noite de ter\u00e7a-feira (26).<\/p>\n\n\n\n<p>Uma carreta acabou ficando enroscada no local e a equipe da Brigada de Bombeiros de Paulo Frontin est\u00e1 em deslocamento para auxiliar na sinaliza\u00e7\u00e3o do local.<\/p>\n\n\n\n<p><em>N\u00e3o houve feridos.<\/em><\/p>\n\n\n\n<figure class=\"wp-block-image size-full\"><img decoding=\"async\" src=\"https:\/\/radiostudiow.com.br\/site\/wp-content\/uploads\/2021\/08\/SICREDI.jpg\" alt=\"\" class=\"wp-image-3405\"\/><\/figure>\n","protected":false},"excerpt":{"rendered":"<p>A mureta que faz a divisa das pistas da BR-476 localizada no trevo de acesso ao munic\u00edpio de Paulo Frontin, fez mais uma v\u00edtima nesta noite de ter\u00e7a-feira (26). Uma carreta acabou ficando enroscada no local e a equipe da Brigada de Bombeiros de Paulo Frontin est\u00e1 em deslocamento para auxiliar na sinaliza\u00e7\u00e3o do local. [&hellip;]<\/p>\n","protected":false},"author":2,"featured_media":0,"comment_status":"open","ping_status":"open","sticky":false,"template":"","format":"standard","meta":{"footnotes":""},"categories":[2],"tags":[172],"class_list":["post-4187","post","type-post","status-publish","format-standard","hentry","category-policial","tag-featured"],"amp_enabled":true,"_links":{"self":[{"href":"https:\/\/radiostudiow.com.br\/site\/wp-json\/wp\/v2\/posts\/4187","targetHints":{"allow":["GET"]}}],"collection":[{"href":"https:\/\/radiostudiow.com.br\/site\/wp-json\/wp\/v2\/posts"}],"about":[{"href":"https:\/\/radiostudiow.com.br\/site\/wp-json\/wp\/v2\/types\/post"}],"author":[{"embeddable":true,"href":"https:\/\/radiostudiow.com.br\/site\/wp-json\/wp\/v2\/users\/2"}],"replies":[{"embeddable":true,"href":"https:\/\/radiostudiow.com.br\/site\/wp-json\/wp\/v2\/comments?post=4187"}],"version-history":[{"count":1,"href":"https:\/\/radiostudiow.com.br\/site\/wp-json\/wp\/v2\/posts\/4187\/revisions"}],"predecessor-version":[{"id":4189,"href":"https:\/\/radiostudiow.com.br\/site\/wp-json\/wp\/v2\/posts\/4187\/revisions\/4189"}],"wp:attachment":[{"href":"https:\/\/radiostudiow.com.br\/site\/wp-json\/wp\/v2\/media?parent=4187"}],"wp:term":[{"taxonomy":"category","embeddable":true,"href":"https:\/\/radiostudiow.com.br\/site\/wp-json\/wp\/v2\/categories?post=4187"},{"taxonomy":"post_tag","embeddable":true,"href":"https:\/\/radiostudiow.com.br\/site\/wp-json\/wp\/v2\/tags?post=4187"}],"curies":[{"name":"wp","href":"https:\/\/api.w.org\/{rel}","templated":true}]}}