{"id":41880,"date":"2025-08-29T17:04:04","date_gmt":"2025-08-29T20:04:04","guid":{"rendered":"https:\/\/radiostudiow.com.br\/site\/?p=41880"},"modified":"2025-08-29T17:12:00","modified_gmt":"2025-08-29T20:12:00","slug":"homem-e-preso-por-abusar-da-propria-neta-de-10-anos-em-palmeira","status":"publish","type":"post","link":"https:\/\/radiostudiow.com.br\/site\/2025\/08\/29\/homem-e-preso-por-abusar-da-propria-neta-de-10-anos-em-palmeira\/","title":{"rendered":"Homem \u00e9 preso por abusar da pr\u00f3pria neta de 10 anos em Palmeira"},"content":{"rendered":"\n<figure class=\"wp-block-image size-full\"><img loading=\"lazy\" decoding=\"async\" width=\"598\" height=\"204\" src=\"https:\/\/radiostudiow.com.br\/site\/wp-content\/uploads\/2025\/05\/POLAK.png\" alt=\"\" class=\"wp-image-37847\" srcset=\"https:\/\/radiostudiow.com.br\/site\/wp-content\/uploads\/2025\/05\/POLAK.png 598w, https:\/\/radiostudiow.com.br\/site\/wp-content\/uploads\/2025\/05\/POLAK-300x102.png 300w\" sizes=\"auto, (max-width: 598px) 100vw, 598px\" \/><\/figure>\n\n\n\n<p class=\"has-text-align-center\"><em><a href=\"https:\/\/www.vvale.com.br\/\" data-type=\"link\" data-id=\"https:\/\/www.vvale.com.br\/\">Da reda\u00e7\u00e3o: Portal V.Vale<\/a><\/em><\/p>\n\n\n\n<p>A&nbsp;equipe da Pol\u00edcia Civil de Palmeira prendeu um homem de 58 anos condenado por crimes sexuais contra sua neta, de 10 anos \u00e0 \u00e9poca. A pris\u00e3o ocorreu por mandado definitivo ap\u00f3s condena\u00e7\u00e3o transitada em julgado nesta sexta-feira (29).<\/p>\n\n\n\n<p>Segundo as investiga\u00e7\u00f5es, em 2022, o suspeito praticou atos libidinosos \u2014 como beijos e toques \u00edntimos \u2014 contra a crian\u00e7a. O caso foi denunciado pela tia da v\u00edtima, que encontrou no celular da menina uma mensagem do autor pedindo perd\u00e3o.<\/p>\n\n\n\n<figure class=\"wp-block-gallery has-nested-images columns-default is-cropped wp-block-gallery-1 is-layout-flex wp-block-gallery-is-layout-flex\">\n<figure class=\"wp-block-image size-large\"><img loading=\"lazy\" decoding=\"async\" width=\"300\" height=\"180\" data-id=\"39582\" src=\"https:\/\/radiostudiow.com.br\/site\/wp-content\/uploads\/2025\/06\/PLAY-HALL.png\" alt=\"\" class=\"wp-image-39582\"\/><\/figure>\n\n\n\n<figure class=\"wp-block-image size-large\"><img loading=\"lazy\" decoding=\"async\" width=\"300\" height=\"180\" data-id=\"38684\" src=\"https:\/\/radiostudiow.com.br\/site\/wp-content\/uploads\/2025\/05\/SITE-PEQUENO.jpg\" alt=\"\" class=\"wp-image-38684\"\/><\/figure>\n\n\n\n<figure class=\"wp-block-image size-large\"><img loading=\"lazy\" decoding=\"async\" width=\"300\" height=\"180\" data-id=\"38014\" src=\"https:\/\/radiostudiow.com.br\/site\/wp-content\/uploads\/2025\/05\/VANE.png\" alt=\"\" class=\"wp-image-38014\"\/><\/figure>\n<\/figure>\n\n\n\n<p>Ap\u00f3s os tr\u00e2mites judiciais, ele foi encaminhado ao&nbsp;Pres\u00eddio Hildebrando de Souza, em Ponta Grossa, onde permanece \u00e0 disposi\u00e7\u00e3o da Justi\u00e7a.<\/p>\n\n\n\n<p>O delegado&nbsp;Siqueira&nbsp;refor\u00e7ou a import\u00e2ncia de den\u00fancias e alertou pais e respons\u00e1veis para monitorarem celulares e aparelhos de comunica\u00e7\u00e3o de crian\u00e7as e adolescentes.<\/p>\n\n\n\n<p><\/p>\n","protected":false},"excerpt":{"rendered":"<p>Da reda\u00e7\u00e3o: Portal V.Vale A&nbsp;equipe da Pol\u00edcia Civil de Palmeira prendeu um homem de 58 anos condenado por crimes sexuais contra sua neta, de 10 anos \u00e0 \u00e9poca. A pris\u00e3o ocorreu por mandado definitivo ap\u00f3s condena\u00e7\u00e3o transitada em julgado nesta sexta-feira (29). Segundo as investiga\u00e7\u00f5es, em 2022, o suspeito praticou atos libidinosos \u2014 como beijos [&hellip;]<\/p>\n","protected":false},"author":2,"featured_media":41881,"comment_status":"open","ping_status":"open","sticky":false,"template":"","format":"standard","meta":{"footnotes":""},"categories":[2],"tags":[172],"class_list":["post-41880","post","type-post","status-publish","format-standard","has-post-thumbnail","hentry","category-policial","tag-featured"],"amp_enabled":true,"_links":{"self":[{"href":"https:\/\/radiostudiow.com.br\/site\/wp-json\/wp\/v2\/posts\/41880","targetHints":{"allow":["GET"]}}],"collection":[{"href":"https:\/\/radiostudiow.com.br\/site\/wp-json\/wp\/v2\/posts"}],"about":[{"href":"https:\/\/radiostudiow.com.br\/site\/wp-json\/wp\/v2\/types\/post"}],"author":[{"embeddable":true,"href":"https:\/\/radiostudiow.com.br\/site\/wp-json\/wp\/v2\/users\/2"}],"replies":[{"embeddable":true,"href":"https:\/\/radiostudiow.com.br\/site\/wp-json\/wp\/v2\/comments?post=41880"}],"version-history":[{"count":2,"href":"https:\/\/radiostudiow.com.br\/site\/wp-json\/wp\/v2\/posts\/41880\/revisions"}],"predecessor-version":[{"id":41890,"href":"https:\/\/radiostudiow.com.br\/site\/wp-json\/wp\/v2\/posts\/41880\/revisions\/41890"}],"wp:featuredmedia":[{"embeddable":true,"href":"https:\/\/radiostudiow.com.br\/site\/wp-json\/wp\/v2\/media\/41881"}],"wp:attachment":[{"href":"https:\/\/radiostudiow.com.br\/site\/wp-json\/wp\/v2\/media?parent=41880"}],"wp:term":[{"taxonomy":"category","embeddable":true,"href":"https:\/\/radiostudiow.com.br\/site\/wp-json\/wp\/v2\/categories?post=41880"},{"taxonomy":"post_tag","embeddable":true,"href":"https:\/\/radiostudiow.com.br\/site\/wp-json\/wp\/v2\/tags?post=41880"}],"curies":[{"name":"wp","href":"https:\/\/api.w.org\/{rel}","templated":true}]}}