{"id":41883,"date":"2025-08-29T17:07:10","date_gmt":"2025-08-29T20:07:10","guid":{"rendered":"https:\/\/radiostudiow.com.br\/site\/?p=41883"},"modified":"2025-08-29T17:11:01","modified_gmt":"2025-08-29T20:11:01","slug":"obras-na-br-277-entre-irati-e-prudentopolis-terao-operacao-pare-e-siga","status":"publish","type":"post","link":"https:\/\/radiostudiow.com.br\/site\/2025\/08\/29\/obras-na-br-277-entre-irati-e-prudentopolis-terao-operacao-pare-e-siga\/","title":{"rendered":"Obras na BR-277 entre Irati e Prudent\u00f3polis ter\u00e3o sistema \u201cPare e Siga\u201d"},"content":{"rendered":"\n<figure class=\"wp-block-image size-full\"><img loading=\"lazy\" decoding=\"async\" width=\"598\" height=\"204\" src=\"https:\/\/radiostudiow.com.br\/site\/wp-content\/uploads\/2025\/04\/BOROX.png\" alt=\"\" class=\"wp-image-37229\" srcset=\"https:\/\/radiostudiow.com.br\/site\/wp-content\/uploads\/2025\/04\/BOROX.png 598w, https:\/\/radiostudiow.com.br\/site\/wp-content\/uploads\/2025\/04\/BOROX-300x102.png 300w\" sizes=\"auto, (max-width: 598px) 100vw, 598px\" \/><\/figure>\n\n\n\n<p class=\"has-text-align-center\"><em>Informa\u00e7\u00f5es e Imagem PRF \/ Rep\u00f3rter Kiko de Oliveira<\/em><\/p>\n\n\n\n<p>As interven\u00e7\u00f5es ocorrem entre os dias 29 de agosto e 04 de setembro<\/p>\n\n\n\n<p>A Pol\u00edcia Rodovi\u00e1ria Federal (PRF) informa que a concession\u00e1ria Via Arauc\u00e1ria realizar\u00e1 servi\u00e7os de pavimenta\u00e7\u00e3o no km 270 da BR-277 e instala\u00e7\u00e3o de uma balan\u00e7a instant\u00e2nea, no trecho que liga os munic\u00edpios de Irati e Prudent\u00f3polis, a partir desta sexta-feira (29).<\/p>\n\n\n\n<p><strong>Para a execu\u00e7\u00e3o dos trabalhos, ser\u00e1 adotado o sistema \u201cPare e Siga\u201d, de acordo com a seguinte programa\u00e7\u00e3o:<\/strong><\/p>\n\n\n\n<p>\ud83d\udfe0 29, 30 e 31 de agosto (sexta a domingo): opera\u00e7\u00e3o em per\u00edodo diurno (Das 07h \u00e0s 17h);<\/p>\n\n\n\n<p>\ud83d\udd34 01 a 04 de setembro (segunda a quinta-feira): opera\u00e7\u00e3o em per\u00edodo diurno e noturno, em regime cont\u00ednuo de 24 horas.<\/p>\n\n\n\n<figure class=\"wp-block-image size-full\"><img loading=\"lazy\" decoding=\"async\" width=\"300\" height=\"180\" src=\"https:\/\/radiostudiow.com.br\/site\/wp-content\/uploads\/2025\/04\/AGRODU.png\" alt=\"\" class=\"wp-image-37219\"\/><\/figure>\n\n\n\n<p>A PRF recomenda que os motoristas programem seus deslocamentos, mantenham a aten\u00e7\u00e3o redobrada e respeitem a sinaliza\u00e7\u00e3o da via.<\/p>\n\n\n\n<p>Durante esse per\u00edodo, podem ocorrer congestionamentos no local.<\/p>\n","protected":false},"excerpt":{"rendered":"<p>Informa\u00e7\u00f5es e Imagem PRF \/ Rep\u00f3rter Kiko de Oliveira As interven\u00e7\u00f5es ocorrem entre os dias 29 de agosto e 04 de setembro A Pol\u00edcia Rodovi\u00e1ria Federal (PRF) informa que a concession\u00e1ria Via Arauc\u00e1ria realizar\u00e1 servi\u00e7os de pavimenta\u00e7\u00e3o no km 270 da BR-277 e instala\u00e7\u00e3o de uma balan\u00e7a instant\u00e2nea, no trecho que liga os munic\u00edpios de [&hellip;]<\/p>\n","protected":false},"author":2,"featured_media":41884,"comment_status":"open","ping_status":"open","sticky":false,"template":"","format":"standard","meta":{"footnotes":""},"categories":[2],"tags":[172],"class_list":["post-41883","post","type-post","status-publish","format-standard","has-post-thumbnail","hentry","category-policial","tag-featured"],"amp_enabled":true,"_links":{"self":[{"href":"https:\/\/radiostudiow.com.br\/site\/wp-json\/wp\/v2\/posts\/41883","targetHints":{"allow":["GET"]}}],"collection":[{"href":"https:\/\/radiostudiow.com.br\/site\/wp-json\/wp\/v2\/posts"}],"about":[{"href":"https:\/\/radiostudiow.com.br\/site\/wp-json\/wp\/v2\/types\/post"}],"author":[{"embeddable":true,"href":"https:\/\/radiostudiow.com.br\/site\/wp-json\/wp\/v2\/users\/2"}],"replies":[{"embeddable":true,"href":"https:\/\/radiostudiow.com.br\/site\/wp-json\/wp\/v2\/comments?post=41883"}],"version-history":[{"count":3,"href":"https:\/\/radiostudiow.com.br\/site\/wp-json\/wp\/v2\/posts\/41883\/revisions"}],"predecessor-version":[{"id":41889,"href":"https:\/\/radiostudiow.com.br\/site\/wp-json\/wp\/v2\/posts\/41883\/revisions\/41889"}],"wp:featuredmedia":[{"embeddable":true,"href":"https:\/\/radiostudiow.com.br\/site\/wp-json\/wp\/v2\/media\/41884"}],"wp:attachment":[{"href":"https:\/\/radiostudiow.com.br\/site\/wp-json\/wp\/v2\/media?parent=41883"}],"wp:term":[{"taxonomy":"category","embeddable":true,"href":"https:\/\/radiostudiow.com.br\/site\/wp-json\/wp\/v2\/categories?post=41883"},{"taxonomy":"post_tag","embeddable":true,"href":"https:\/\/radiostudiow.com.br\/site\/wp-json\/wp\/v2\/tags?post=41883"}],"curies":[{"name":"wp","href":"https:\/\/api.w.org\/{rel}","templated":true}]}}