{"id":41891,"date":"2025-08-29T19:00:23","date_gmt":"2025-08-29T22:00:23","guid":{"rendered":"https:\/\/radiostudiow.com.br\/site\/?p=41891"},"modified":"2025-08-29T19:30:57","modified_gmt":"2025-08-29T22:30:57","slug":"10a-drp-de-mallet-participou-da-1a-caminhada-da-campanha-agosto-lilas-em-paulo-frontin","status":"publish","type":"post","link":"https:\/\/radiostudiow.com.br\/site\/2025\/08\/29\/10a-drp-de-mallet-participou-da-1a-caminhada-da-campanha-agosto-lilas-em-paulo-frontin\/","title":{"rendered":"10\u00aa DRP de Mallet participou da 1\u00aa Caminhada da Campanha Agosto Lil\u00e1s em Paulo Frontin"},"content":{"rendered":"\n<p>Unindo for\u00e7as com a comunidade de Paulo Frontin, a equipe da 10\u00aa DRP de Mallet participou da 1\u00aa Caminhada da Campanha Agosto Lil\u00e1s na conscientiza\u00e7\u00e3o e no combate \u00e0 viol\u00eancia de g\u00eanero na \u00faltima quarta-feira (27).<\/p>\n\n\n\n<p>O evento refor\u00e7a a import\u00e2ncia de romper o sil\u00eancio e findar o ciclo de viol\u00eancia: a den\u00fancia \u00e9 um passo essencial para salvar vidas e garantir que agressores sejam responsabilizados.<\/p>\n\n\n\n<p>A Pol\u00edcia Civil do Paran\u00e1 reafirma seu compromisso no combate \u00e0 viol\u00eancia dom\u00e9stica e ao feminic\u00eddio, trabalhando incansavelmente para proteger v\u00edtimas, acolher den\u00fancias e promover uma sociedade mais justa e segura.<\/p>\n\n\n\n<figure class=\"wp-block-image size-full\"><img loading=\"lazy\" decoding=\"async\" width=\"598\" height=\"204\" src=\"https:\/\/radiostudiow.com.br\/site\/wp-content\/uploads\/2025\/05\/BEAZY.jpg.png\" alt=\"\" class=\"wp-image-38197\" srcset=\"https:\/\/radiostudiow.com.br\/site\/wp-content\/uploads\/2025\/05\/BEAZY.jpg.png 598w, https:\/\/radiostudiow.com.br\/site\/wp-content\/uploads\/2025\/05\/BEAZY.jpg-300x102.png 300w\" sizes=\"auto, (max-width: 598px) 100vw, 598px\" \/><\/figure>\n\n\n\n<h2 class=\"wp-block-heading has-text-align-center\">Se voc\u00ea est\u00e1 em situa\u00e7\u00e3o de viol\u00eancia, denuncie!<\/h2>\n\n\n\n<p class=\"has-text-align-center\"><strong><em>Em caso de emerg\u00eancia: Acione a Pol\u00edcia Militar (190)<\/em><\/strong><\/p>\n\n\n\n<p class=\"has-text-align-center\">Para den\u00fancias an\u00f4nimas: Disque 181<\/p>\n\n\n\n<p class=\"has-text-align-center\">197 (Pol\u00edcia Civil)<\/p>\n\n\n\n<p class=\"has-text-align-center\">(42) 3542-1249 (Delegacia de Mallet)<\/p>\n\n\n\n<figure class=\"wp-block-image size-large\"><img loading=\"lazy\" decoding=\"async\" width=\"1024\" height=\"1024\" src=\"https:\/\/radiostudiow.com.br\/site\/wp-content\/uploads\/2025\/08\/538331377_1290608243076069_3799970136758872341_n-1024x1024.png\" alt=\"\" class=\"wp-image-41894\" srcset=\"https:\/\/radiostudiow.com.br\/site\/wp-content\/uploads\/2025\/08\/538331377_1290608243076069_3799970136758872341_n-1024x1024.png 1024w, https:\/\/radiostudiow.com.br\/site\/wp-content\/uploads\/2025\/08\/538331377_1290608243076069_3799970136758872341_n-300x300.png 300w, https:\/\/radiostudiow.com.br\/site\/wp-content\/uploads\/2025\/08\/538331377_1290608243076069_3799970136758872341_n-768x768.png 768w, https:\/\/radiostudiow.com.br\/site\/wp-content\/uploads\/2025\/08\/538331377_1290608243076069_3799970136758872341_n-80x80.png 80w, https:\/\/radiostudiow.com.br\/site\/wp-content\/uploads\/2025\/08\/538331377_1290608243076069_3799970136758872341_n.png 1080w\" sizes=\"auto, (max-width: 1024px) 100vw, 1024px\" \/><\/figure>\n\n\n\n<figure class=\"wp-block-gallery has-nested-images columns-default is-cropped wp-block-gallery-1 is-layout-flex wp-block-gallery-is-layout-flex\">\n<figure class=\"wp-block-image size-large\"><img loading=\"lazy\" decoding=\"async\" width=\"767\" height=\"1024\" data-id=\"41897\" src=\"https:\/\/radiostudiow.com.br\/site\/wp-content\/uploads\/2025\/08\/A-equipe-da-10a-DRP-de-Mallet-participou-da-1a-Caminhada-da-Campanha-Agosto-Lilas-\ud83d\udc9c-em-Paulo-1-767x1024.jpg\" alt=\"\" class=\"wp-image-41897\" srcset=\"https:\/\/radiostudiow.com.br\/site\/wp-content\/uploads\/2025\/08\/A-equipe-da-10a-DRP-de-Mallet-participou-da-1a-Caminhada-da-Campanha-Agosto-Lilas-\ud83d\udc9c-em-Paulo-1-767x1024.jpg 767w, https:\/\/radiostudiow.com.br\/site\/wp-content\/uploads\/2025\/08\/A-equipe-da-10a-DRP-de-Mallet-participou-da-1a-Caminhada-da-Campanha-Agosto-Lilas-\ud83d\udc9c-em-Paulo-1-225x300.jpg 225w, https:\/\/radiostudiow.com.br\/site\/wp-content\/uploads\/2025\/08\/A-equipe-da-10a-DRP-de-Mallet-participou-da-1a-Caminhada-da-Campanha-Agosto-Lilas-\ud83d\udc9c-em-Paulo-1-768x1026.jpg 768w, https:\/\/radiostudiow.com.br\/site\/wp-content\/uploads\/2025\/08\/A-equipe-da-10a-DRP-de-Mallet-participou-da-1a-Caminhada-da-Campanha-Agosto-Lilas-\ud83d\udc9c-em-Paulo-1.jpg 900w\" sizes=\"auto, (max-width: 767px) 100vw, 767px\" \/><\/figure>\n\n\n\n<figure class=\"wp-block-image size-large\"><img loading=\"lazy\" decoding=\"async\" width=\"767\" height=\"1024\" data-id=\"41896\" src=\"https:\/\/radiostudiow.com.br\/site\/wp-content\/uploads\/2025\/08\/A-equipe-da-10a-DRP-de-Mallet-participou-da-1a-Caminhada-da-Campanha-Agosto-Lilas-\ud83d\udc9c-em-Paulo-2-767x1024.jpg\" alt=\"\" class=\"wp-image-41896\" srcset=\"https:\/\/radiostudiow.com.br\/site\/wp-content\/uploads\/2025\/08\/A-equipe-da-10a-DRP-de-Mallet-participou-da-1a-Caminhada-da-Campanha-Agosto-Lilas-\ud83d\udc9c-em-Paulo-2-767x1024.jpg 767w, https:\/\/radiostudiow.com.br\/site\/wp-content\/uploads\/2025\/08\/A-equipe-da-10a-DRP-de-Mallet-participou-da-1a-Caminhada-da-Campanha-Agosto-Lilas-\ud83d\udc9c-em-Paulo-2-225x300.jpg 225w, https:\/\/radiostudiow.com.br\/site\/wp-content\/uploads\/2025\/08\/A-equipe-da-10a-DRP-de-Mallet-participou-da-1a-Caminhada-da-Campanha-Agosto-Lilas-\ud83d\udc9c-em-Paulo-2-768x1025.jpg 768w, https:\/\/radiostudiow.com.br\/site\/wp-content\/uploads\/2025\/08\/A-equipe-da-10a-DRP-de-Mallet-participou-da-1a-Caminhada-da-Campanha-Agosto-Lilas-\ud83d\udc9c-em-Paulo-2.jpg 1080w\" sizes=\"auto, (max-width: 767px) 100vw, 767px\" \/><\/figure>\n\n\n\n<figure class=\"wp-block-image size-large\"><img loading=\"lazy\" decoding=\"async\" width=\"767\" height=\"1024\" data-id=\"41898\" src=\"https:\/\/radiostudiow.com.br\/site\/wp-content\/uploads\/2025\/08\/A-equipe-da-10a-DRP-de-Mallet-participou-da-1a-Caminhada-da-Campanha-Agosto-Lilas-\ud83d\udc9c-em-Paulo-3-767x1024.jpg\" alt=\"\" class=\"wp-image-41898\" srcset=\"https:\/\/radiostudiow.com.br\/site\/wp-content\/uploads\/2025\/08\/A-equipe-da-10a-DRP-de-Mallet-participou-da-1a-Caminhada-da-Campanha-Agosto-Lilas-\ud83d\udc9c-em-Paulo-3-767x1024.jpg 767w, https:\/\/radiostudiow.com.br\/site\/wp-content\/uploads\/2025\/08\/A-equipe-da-10a-DRP-de-Mallet-participou-da-1a-Caminhada-da-Campanha-Agosto-Lilas-\ud83d\udc9c-em-Paulo-3-225x300.jpg 225w, https:\/\/radiostudiow.com.br\/site\/wp-content\/uploads\/2025\/08\/A-equipe-da-10a-DRP-de-Mallet-participou-da-1a-Caminhada-da-Campanha-Agosto-Lilas-\ud83d\udc9c-em-Paulo-3-768x1025.jpg 768w, https:\/\/radiostudiow.com.br\/site\/wp-content\/uploads\/2025\/08\/A-equipe-da-10a-DRP-de-Mallet-participou-da-1a-Caminhada-da-Campanha-Agosto-Lilas-\ud83d\udc9c-em-Paulo-3.jpg 1080w\" sizes=\"auto, (max-width: 767px) 100vw, 767px\" \/><\/figure>\n<\/figure>\n","protected":false},"excerpt":{"rendered":"<p>Unindo for\u00e7as com a comunidade de Paulo Frontin, a equipe da 10\u00aa DRP de Mallet participou da 1\u00aa Caminhada da Campanha Agosto Lil\u00e1s na conscientiza\u00e7\u00e3o e no combate \u00e0 viol\u00eancia de g\u00eanero na \u00faltima quarta-feira (27). O evento refor\u00e7a a import\u00e2ncia de romper o sil\u00eancio e findar o ciclo de viol\u00eancia: a den\u00fancia \u00e9 um [&hellip;]<\/p>\n","protected":false},"author":2,"featured_media":41895,"comment_status":"open","ping_status":"open","sticky":false,"template":"","format":"standard","meta":{"footnotes":""},"categories":[184],"tags":[172],"class_list":["post-41891","post","type-post","status-publish","format-standard","has-post-thumbnail","hentry","category-local","tag-featured"],"amp_enabled":true,"_links":{"self":[{"href":"https:\/\/radiostudiow.com.br\/site\/wp-json\/wp\/v2\/posts\/41891","targetHints":{"allow":["GET"]}}],"collection":[{"href":"https:\/\/radiostudiow.com.br\/site\/wp-json\/wp\/v2\/posts"}],"about":[{"href":"https:\/\/radiostudiow.com.br\/site\/wp-json\/wp\/v2\/types\/post"}],"author":[{"embeddable":true,"href":"https:\/\/radiostudiow.com.br\/site\/wp-json\/wp\/v2\/users\/2"}],"replies":[{"embeddable":true,"href":"https:\/\/radiostudiow.com.br\/site\/wp-json\/wp\/v2\/comments?post=41891"}],"version-history":[{"count":4,"href":"https:\/\/radiostudiow.com.br\/site\/wp-json\/wp\/v2\/posts\/41891\/revisions"}],"predecessor-version":[{"id":41907,"href":"https:\/\/radiostudiow.com.br\/site\/wp-json\/wp\/v2\/posts\/41891\/revisions\/41907"}],"wp:featuredmedia":[{"embeddable":true,"href":"https:\/\/radiostudiow.com.br\/site\/wp-json\/wp\/v2\/media\/41895"}],"wp:attachment":[{"href":"https:\/\/radiostudiow.com.br\/site\/wp-json\/wp\/v2\/media?parent=41891"}],"wp:term":[{"taxonomy":"category","embeddable":true,"href":"https:\/\/radiostudiow.com.br\/site\/wp-json\/wp\/v2\/categories?post=41891"},{"taxonomy":"post_tag","embeddable":true,"href":"https:\/\/radiostudiow.com.br\/site\/wp-json\/wp\/v2\/tags?post=41891"}],"curies":[{"name":"wp","href":"https:\/\/api.w.org\/{rel}","templated":true}]}}