{"id":41922,"date":"2025-08-30T10:04:17","date_gmt":"2025-08-30T13:04:17","guid":{"rendered":"https:\/\/radiostudiow.com.br\/site\/?p=41922"},"modified":"2025-08-30T10:04:17","modified_gmt":"2025-08-30T13:04:17","slug":"policia-militar-prende-duas-pessoas-por-trafico-de-drogas-em-uniao-da-vitoria","status":"publish","type":"post","link":"https:\/\/radiostudiow.com.br\/site\/2025\/08\/30\/policia-militar-prende-duas-pessoas-por-trafico-de-drogas-em-uniao-da-vitoria\/","title":{"rendered":"Pol\u00edcia Militar prende duas pessoas por tr\u00e1fico de drogas em Uni\u00e3o da Vit\u00f3ria"},"content":{"rendered":"\n<figure class=\"wp-block-image size-full\"><img loading=\"lazy\" decoding=\"async\" width=\"897\" height=\"204\" src=\"https:\/\/radiostudiow.com.br\/site\/wp-content\/uploads\/2025\/02\/SITE-GRANDE7.png\" alt=\"\" class=\"wp-image-33861\" srcset=\"https:\/\/radiostudiow.com.br\/site\/wp-content\/uploads\/2025\/02\/SITE-GRANDE7.png 897w, https:\/\/radiostudiow.com.br\/site\/wp-content\/uploads\/2025\/02\/SITE-GRANDE7-300x68.png 300w, https:\/\/radiostudiow.com.br\/site\/wp-content\/uploads\/2025\/02\/SITE-GRANDE7-768x175.png 768w\" sizes=\"auto, (max-width: 897px) 100vw, 897px\" \/><\/figure>\n\n\n\n<p>Durante abordagem da equipe da Pol\u00edcia Militar no bairro Limeira em Uni\u00e3o da Vit\u00f3ria por volta da meia noite deste s\u00e1bado (30), prende duas pessoas por tr\u00e1fico de drogas.<\/p>\n\n\n\n<p>Os policiais localizaram entorpecentes e materiais relacionados ao tr\u00e1fico incluindo por\u00e7\u00f5es de crack e coca\u00edna, al\u00e9m de itens para embalagem e comercializa\u00e7\u00e3o do entorpecente.<\/p>\n\n\n\n<p>Um homem e uma mulher, que estavam com o material il\u00edcito, foram presos e conduzidos \u00e0 4\u00aa SDP para as provid\u00eancias legais.<\/p>\n\n\n\n<figure class=\"wp-block-image size-full\"><img loading=\"lazy\" decoding=\"async\" width=\"598\" height=\"204\" src=\"https:\/\/radiostudiow.com.br\/site\/wp-content\/uploads\/2025\/01\/SITE-MEDIO7.png\" alt=\"\" class=\"wp-image-32801\" srcset=\"https:\/\/radiostudiow.com.br\/site\/wp-content\/uploads\/2025\/01\/SITE-MEDIO7.png 598w, https:\/\/radiostudiow.com.br\/site\/wp-content\/uploads\/2025\/01\/SITE-MEDIO7-300x102.png 300w\" sizes=\"auto, (max-width: 598px) 100vw, 598px\" \/><\/figure>\n\n\n\n<p><\/p>\n","protected":false},"excerpt":{"rendered":"<p>Durante abordagem da equipe da Pol\u00edcia Militar no bairro Limeira em Uni\u00e3o da Vit\u00f3ria por volta da meia noite deste s\u00e1bado (30), prende duas pessoas por tr\u00e1fico de drogas. Os policiais localizaram entorpecentes e materiais relacionados ao tr\u00e1fico incluindo por\u00e7\u00f5es de crack e coca\u00edna, al\u00e9m de itens para embalagem e comercializa\u00e7\u00e3o do entorpecente. Um homem [&hellip;]<\/p>\n","protected":false},"author":2,"featured_media":41923,"comment_status":"open","ping_status":"open","sticky":false,"template":"","format":"standard","meta":{"footnotes":""},"categories":[2],"tags":[172],"class_list":["post-41922","post","type-post","status-publish","format-standard","has-post-thumbnail","hentry","category-policial","tag-featured"],"amp_enabled":true,"_links":{"self":[{"href":"https:\/\/radiostudiow.com.br\/site\/wp-json\/wp\/v2\/posts\/41922","targetHints":{"allow":["GET"]}}],"collection":[{"href":"https:\/\/radiostudiow.com.br\/site\/wp-json\/wp\/v2\/posts"}],"about":[{"href":"https:\/\/radiostudiow.com.br\/site\/wp-json\/wp\/v2\/types\/post"}],"author":[{"embeddable":true,"href":"https:\/\/radiostudiow.com.br\/site\/wp-json\/wp\/v2\/users\/2"}],"replies":[{"embeddable":true,"href":"https:\/\/radiostudiow.com.br\/site\/wp-json\/wp\/v2\/comments?post=41922"}],"version-history":[{"count":1,"href":"https:\/\/radiostudiow.com.br\/site\/wp-json\/wp\/v2\/posts\/41922\/revisions"}],"predecessor-version":[{"id":41924,"href":"https:\/\/radiostudiow.com.br\/site\/wp-json\/wp\/v2\/posts\/41922\/revisions\/41924"}],"wp:featuredmedia":[{"embeddable":true,"href":"https:\/\/radiostudiow.com.br\/site\/wp-json\/wp\/v2\/media\/41923"}],"wp:attachment":[{"href":"https:\/\/radiostudiow.com.br\/site\/wp-json\/wp\/v2\/media?parent=41922"}],"wp:term":[{"taxonomy":"category","embeddable":true,"href":"https:\/\/radiostudiow.com.br\/site\/wp-json\/wp\/v2\/categories?post=41922"},{"taxonomy":"post_tag","embeddable":true,"href":"https:\/\/radiostudiow.com.br\/site\/wp-json\/wp\/v2\/tags?post=41922"}],"curies":[{"name":"wp","href":"https:\/\/api.w.org\/{rel}","templated":true}]}}