{"id":41925,"date":"2025-08-30T10:26:20","date_gmt":"2025-08-30T13:26:20","guid":{"rendered":"https:\/\/radiostudiow.com.br\/site\/?p=41925"},"modified":"2025-08-30T10:26:20","modified_gmt":"2025-08-30T13:26:20","slug":"policia-militar-prende-autor-de-violencia-domestica-e-apreende-arma-de-fogo-em-antonio-olinto","status":"publish","type":"post","link":"https:\/\/radiostudiow.com.br\/site\/2025\/08\/30\/policia-militar-prende-autor-de-violencia-domestica-e-apreende-arma-de-fogo-em-antonio-olinto\/","title":{"rendered":"Pol\u00edcia Militar prende autor de viol\u00eancia dom\u00e9stica e apreende arma de fogo em Ant\u00f4nio Olinto"},"content":{"rendered":"\n<figure class=\"wp-block-image size-full\"><img loading=\"lazy\" decoding=\"async\" width=\"897\" height=\"207\" src=\"https:\/\/radiostudiow.com.br\/site\/wp-content\/uploads\/2025\/07\/TIJOLAO.png\" alt=\"\" class=\"wp-image-40184\" srcset=\"https:\/\/radiostudiow.com.br\/site\/wp-content\/uploads\/2025\/07\/TIJOLAO.png 897w, https:\/\/radiostudiow.com.br\/site\/wp-content\/uploads\/2025\/07\/TIJOLAO-300x69.png 300w, https:\/\/radiostudiow.com.br\/site\/wp-content\/uploads\/2025\/07\/TIJOLAO-768x177.png 768w\" sizes=\"auto, (max-width: 897px) 100vw, 897px\" \/><\/figure>\n\n\n\n<p>A equipe da Pol\u00edcia Militar de Ant\u00f4nio Olinto recebeu uma den\u00fancia de viol\u00eancia dom\u00e9stica por volta das 08h20min dessa sexta-feira, 29 de agosto, na localidade da Vila Rural.<\/p>\n\n\n\n<p>No local indicado, constatou a veracidade do fato. A v\u00edtima relatou estar sofrendo agress\u00f5es e amea\u00e7as por parte de seu convivente.<\/p>\n\n\n\n<figure class=\"wp-block-image size-full\"><img loading=\"lazy\" decoding=\"async\" width=\"598\" height=\"204\" src=\"https:\/\/radiostudiow.com.br\/site\/wp-content\/uploads\/2024\/10\/labirati.png\" alt=\"\" class=\"wp-image-28854\" srcset=\"https:\/\/radiostudiow.com.br\/site\/wp-content\/uploads\/2024\/10\/labirati.png 598w, https:\/\/radiostudiow.com.br\/site\/wp-content\/uploads\/2024\/10\/labirati-300x102.png 300w\" sizes=\"auto, (max-width: 598px) 100vw, 598px\" \/><\/figure>\n\n\n\n<p>Durante a abordagem, tamb\u00e9m foi apreendida uma arma de fogo, do tipo espingarda, juntamente com muni\u00e7\u00f5es.<\/p>\n\n\n\n<p>Diante dos fatos, foi dada voz de pris\u00e3o ao suspeito, que foi encaminhado \u00e0 sede da Pol\u00edcia Civil para que os devidos procedimentos fossem adotados pela autoridade policial.<\/p>\n\n\n\n<p><\/p>\n","protected":false},"excerpt":{"rendered":"<p>A equipe da Pol\u00edcia Militar de Ant\u00f4nio Olinto recebeu uma den\u00fancia de viol\u00eancia dom\u00e9stica por volta das 08h20min dessa sexta-feira, 29 de agosto, na localidade da Vila Rural. No local indicado, constatou a veracidade do fato. A v\u00edtima relatou estar sofrendo agress\u00f5es e amea\u00e7as por parte de seu convivente. Durante a abordagem, tamb\u00e9m foi apreendida [&hellip;]<\/p>\n","protected":false},"author":2,"featured_media":41926,"comment_status":"open","ping_status":"open","sticky":false,"template":"","format":"standard","meta":{"footnotes":""},"categories":[2],"tags":[172],"class_list":["post-41925","post","type-post","status-publish","format-standard","has-post-thumbnail","hentry","category-policial","tag-featured"],"amp_enabled":true,"_links":{"self":[{"href":"https:\/\/radiostudiow.com.br\/site\/wp-json\/wp\/v2\/posts\/41925","targetHints":{"allow":["GET"]}}],"collection":[{"href":"https:\/\/radiostudiow.com.br\/site\/wp-json\/wp\/v2\/posts"}],"about":[{"href":"https:\/\/radiostudiow.com.br\/site\/wp-json\/wp\/v2\/types\/post"}],"author":[{"embeddable":true,"href":"https:\/\/radiostudiow.com.br\/site\/wp-json\/wp\/v2\/users\/2"}],"replies":[{"embeddable":true,"href":"https:\/\/radiostudiow.com.br\/site\/wp-json\/wp\/v2\/comments?post=41925"}],"version-history":[{"count":1,"href":"https:\/\/radiostudiow.com.br\/site\/wp-json\/wp\/v2\/posts\/41925\/revisions"}],"predecessor-version":[{"id":41927,"href":"https:\/\/radiostudiow.com.br\/site\/wp-json\/wp\/v2\/posts\/41925\/revisions\/41927"}],"wp:featuredmedia":[{"embeddable":true,"href":"https:\/\/radiostudiow.com.br\/site\/wp-json\/wp\/v2\/media\/41926"}],"wp:attachment":[{"href":"https:\/\/radiostudiow.com.br\/site\/wp-json\/wp\/v2\/media?parent=41925"}],"wp:term":[{"taxonomy":"category","embeddable":true,"href":"https:\/\/radiostudiow.com.br\/site\/wp-json\/wp\/v2\/categories?post=41925"},{"taxonomy":"post_tag","embeddable":true,"href":"https:\/\/radiostudiow.com.br\/site\/wp-json\/wp\/v2\/tags?post=41925"}],"curies":[{"name":"wp","href":"https:\/\/api.w.org\/{rel}","templated":true}]}}